{"id":76510,"date":"2025-12-25T12:14:45","date_gmt":"2025-12-25T09:14:45","guid":{"rendered":"https:\/\/www.egemtv.com\/?p=76510"},"modified":"2025-12-25T12:14:45","modified_gmt":"2025-12-25T09:14:45","slug":"yilbasi-oncesi-gida-satan-isletmelere-yonelik-denetim","status":"publish","type":"post","link":"https:\/\/www.egemtv.com\/?p=76510","title":{"rendered":"Y\u0131lba\u015f\u0131 \u00f6ncesi g\u0131da satan i\u015fletmelere y\u00f6nelik denetim"},"content":{"rendered":"<p>Afyonkarahisar Tar\u0131m ve Orman M\u00fcd\u00fcrl\u00fc\u011f\u00fc taraf\u0131ndan yakla\u015fan y\u0131lba\u015f\u0131 \u00f6ncesi g\u0131da sat\u0131\u015f\u0131 yapan i\u015fletmelere y\u00f6nelik denetim yap\u0131ld\u0131.<br \/>\n<br \/>Ger\u00e7ekle\u015ftirilen denetimlerle ilgili kurumdan yap\u0131lan yaz\u0131l\u0131 a\u00e7\u0131klamada, &#8220;Y\u0131l\u0131n son g\u00fcnlerinde g\u0131da denetimlerine mesai mefhumu g\u00f6zetmeksizin devam ediyoruz. 2025 y\u0131l\u0131n\u0131 geride b\u0131rakmaya haz\u0131rlan\u0131rken, Afyonkarahisar \u0130l Tar\u0131m ve Orman M\u00fcd\u00fcrl\u00fc\u011f\u00fc olarak hem\u015fehrilerimizin yeni y\u0131la g\u00fcvenilir g\u0131dayla girmesi i\u00e7in saha kontrollerimizi en \u00fcst seviyeye \u00e7\u0131kard\u0131k. \u00d6zellikle y\u0131l sonu al\u0131\u015fveri\u015flerinin yo\u011funla\u015ft\u0131\u011f\u0131 bu g\u00fcnlerde ekiplerimizle \u015fehrimizin her noktas\u0131nday\u0131z&#8221; ifadelerine yer verildi.<br \/><\/p>\n","protected":false},"excerpt":{"rendered":"<p>Afyonkarahisar Tar\u0131m ve Orman M\u00fcd\u00fcrl\u00fc\u011f\u00fc taraf\u0131ndan yakla\u015fan y\u0131lba\u015f\u0131 \u00f6ncesi g\u0131da sat\u0131\u015f\u0131 yapan i\u015fletmelere y\u00f6nelik denetim yap\u0131ld\u0131. Ger\u00e7ekle\u015ftirilen denetimlerle ilgili kurumdan yap\u0131lan yaz\u0131l\u0131 a\u00e7\u0131klamada, &#8220;Y\u0131l\u0131n son g\u00fcnlerinde g\u0131da denetimlerine mesai mefhumu g\u00f6zetmeksizin devam ediyoruz. 2025 y\u0131l\u0131n\u0131 geride b\u0131rakmaya haz\u0131rlan\u0131rken, Afyonkarahisar \u0130l Tar\u0131m ve Orman M\u00fcd\u00fcrl\u00fc\u011f\u00fc olarak hem\u015fehrilerimizin yeni y\u0131la g\u00fcvenilir g\u0131dayla girmesi i\u00e7in saha kontrollerimizi en&#8230;<\/p>\n","protected":false},"author":1,"featured_media":76511,"comment_status":"open","ping_status":"open","sticky":false,"template":"","format":"standard","meta":{"_crdt_document":"","footnotes":""},"categories":[1],"tags":[],"class_list":["post-76510","post","type-post","status-publish","format-standard","has-post-thumbnail","hentry","category-guncel"],"_links":{"self":[{"href":"https:\/\/www.egemtv.com\/index.php?rest_route=\/wp\/v2\/posts\/76510","targetHints":{"allow":["GET"]}}],"collection":[{"href":"https:\/\/www.egemtv.com\/index.php?rest_route=\/wp\/v2\/posts"}],"about":[{"href":"https:\/\/www.egemtv.com\/index.php?rest_route=\/wp\/v2\/types\/post"}],"author":[{"embeddable":true,"href":"https:\/\/www.egemtv.com\/index.php?rest_route=\/wp\/v2\/users\/1"}],"replies":[{"embeddable":true,"href":"https:\/\/www.egemtv.com\/index.php?rest_route=%2Fwp%2Fv2%2Fcomments&post=76510"}],"version-history":[{"count":1,"href":"https:\/\/www.egemtv.com\/index.php?rest_route=\/wp\/v2\/posts\/76510\/revisions"}],"predecessor-version":[{"id":76512,"href":"https:\/\/www.egemtv.com\/index.php?rest_route=\/wp\/v2\/posts\/76510\/revisions\/76512"}],"wp:featuredmedia":[{"embeddable":true,"href":"https:\/\/www.egemtv.com\/index.php?rest_route=\/wp\/v2\/media\/76511"}],"wp:attachment":[{"href":"https:\/\/www.egemtv.com\/index.php?rest_route=%2Fwp%2Fv2%2Fmedia&parent=76510"}],"wp:term":[{"taxonomy":"category","embeddable":true,"href":"https:\/\/www.egemtv.com\/index.php?rest_route=%2Fwp%2Fv2%2Fcategories&post=76510"},{"taxonomy":"post_tag","embeddable":true,"href":"https:\/\/www.egemtv.com\/index.php?rest_route=%2Fwp%2Fv2%2Ftags&post=76510"}],"curies":[{"name":"wp","href":"https:\/\/api.w.org\/{rel}","templated":true}]}}