{"id":76507,"date":"2025-12-25T12:14:44","date_gmt":"2025-12-25T09:14:44","guid":{"rendered":"https:\/\/www.egemtv.com\/?p=76507"},"modified":"2025-12-25T12:14:44","modified_gmt":"2025-12-25T09:14:44","slug":"filistin-davasinin-sembol-isimleri-sumud-kahramanlari-gencler-ile-bulustu","status":"publish","type":"post","link":"https:\/\/www.egemtv.com\/?p=76507","title":{"rendered":"Filistin davas\u0131n\u0131n sembol isimleri \u2018Sumud\u2019 kahramanlar\u0131 gen\u00e7ler ile bulu\u015ftu"},"content":{"rendered":"<p>Mu\u011fla Gen\u00e7lik ve Spor \u0130l M\u00fcd\u00fcrl\u00fc\u011f\u00fcne ba\u011fl\u0131 \u015eems-i Ana K\u0131z \u00d6\u011frenci Yurdu, Filistin\u2019in direni\u015f ruhunu ve insanl\u0131k vicdan\u0131n\u0131 bulu\u015fturan anlaml\u0131 bir programa ev sahipli\u011fi yapt\u0131. Filistin davas\u0131n\u0131n sembol isimleri aras\u0131nda yer alan \u2018Sumud Kahramanlar\u0131\u2019 Ay\u00e7in Kanto\u011flu ve Ay\u015feg\u00fcl Mungan, yurtta kalan k\u0131z \u00f6\u011frencilerle bir araya geldi.<br \/>\n<br \/>Mu\u011fla Valili\u011fi himayelerinde yurtlarda kalan \u00e7ok say\u0131da \u00f6\u011frencinin kat\u0131l\u0131m\u0131yla ger\u00e7ekle\u015fen programda, Filistin halk\u0131n\u0131n y\u0131llard\u0131r s\u00fcrd\u00fcrd\u00fc\u011f\u00fc onurlu direni\u015fin temel kavramlar\u0131ndan biri olan \u2018Sumud\u2019 ele al\u0131nd\u0131. Kanto\u011flu ve Mungan, Filistin topraklar\u0131nda tan\u0131kl\u0131k ettikleri insanl\u0131k m\u00fccadelesini, ya\u015fanm\u0131\u015f hik\u00e2yeler ve birebir deneyimlerle gen\u00e7lerle payla\u015ft\u0131.<br \/>\n<br \/>Konu\u015fmalarda, Sumud\u2019un yaln\u0131zca zorluklara kar\u015f\u0131 direnmek de\u011fil; adalet, vicdan ve insanl\u0131k onurunu her \u015fartta ayakta tutmak oldu\u011fu vurguland\u0131. Filistin\u2019de ya\u015fanan ac\u0131lara ra\u011fmen umut ve metanetin nas\u0131l korundu\u011fu, gen\u00e7lerin dikkatle dinledi\u011fi ba\u015fl\u0131klar aras\u0131nda yer ald\u0131.<br \/>\n<br \/>Program\u0131n soru-cevap b\u00f6l\u00fcm\u00fcnde \u00f6\u011frenciler, Filistin davas\u0131na dair merak ettiklerini do\u011frudan sorma f\u0131rsat\u0131 buldu. Samimi bir ortamda ger\u00e7ekle\u015fen bulu\u015fma, gen\u00e7lerde Filistin bilinci ve k\u00fcresel vicdan fark\u0131ndal\u0131\u011f\u0131n\u0131 g\u00fc\u00e7lendirdi.<br \/>\n<br \/>Etkinlik sonunda Ay\u00e7in Kanto\u011flu ve Ay\u015feg\u00fcl Mungan, \u00f6\u011frencilerin yo\u011fun ilgisi ve alk\u0131\u015flar\u0131yla u\u011furland\u0131. Bu anlaml\u0131 bulu\u015fma, \u015eems-i Ana K\u0131z \u00d6\u011frenci Yurdu\u2019nda kalan gen\u00e7lerin haf\u0131zalar\u0131nda Filistin\u2019e dair direni\u015fin, karde\u015fli\u011fin ve umudun g\u00fc\u00e7l\u00fc bir yans\u0131mas\u0131 olarak yer ald\u0131.<br \/><\/p>\n","protected":false},"excerpt":{"rendered":"<p>Mu\u011fla Gen\u00e7lik ve Spor \u0130l M\u00fcd\u00fcrl\u00fc\u011f\u00fcne ba\u011fl\u0131 \u015eems-i Ana K\u0131z \u00d6\u011frenci Yurdu, Filistin\u2019in direni\u015f ruhunu ve insanl\u0131k vicdan\u0131n\u0131 bulu\u015fturan anlaml\u0131 bir programa ev sahipli\u011fi yapt\u0131. Filistin davas\u0131n\u0131n sembol isimleri aras\u0131nda yer alan \u2018Sumud Kahramanlar\u0131\u2019 Ay\u00e7in Kanto\u011flu ve Ay\u015feg\u00fcl Mungan, yurtta kalan k\u0131z \u00f6\u011frencilerle bir araya geldi. Mu\u011fla Valili\u011fi himayelerinde yurtlarda kalan \u00e7ok say\u0131da \u00f6\u011frencinin kat\u0131l\u0131m\u0131yla&#8230;<\/p>\n","protected":false},"author":1,"featured_media":76508,"comment_status":"open","ping_status":"open","sticky":false,"template":"","format":"standard","meta":{"_crdt_document":"","footnotes":""},"categories":[123],"tags":[],"class_list":["post-76507","post","type-post","status-publish","format-standard","has-post-thumbnail","hentry","category-gundem"],"_links":{"self":[{"href":"https:\/\/www.egemtv.com\/index.php?rest_route=\/wp\/v2\/posts\/76507","targetHints":{"allow":["GET"]}}],"collection":[{"href":"https:\/\/www.egemtv.com\/index.php?rest_route=\/wp\/v2\/posts"}],"about":[{"href":"https:\/\/www.egemtv.com\/index.php?rest_route=\/wp\/v2\/types\/post"}],"author":[{"embeddable":true,"href":"https:\/\/www.egemtv.com\/index.php?rest_route=\/wp\/v2\/users\/1"}],"replies":[{"embeddable":true,"href":"https:\/\/www.egemtv.com\/index.php?rest_route=%2Fwp%2Fv2%2Fcomments&post=76507"}],"version-history":[{"count":1,"href":"https:\/\/www.egemtv.com\/index.php?rest_route=\/wp\/v2\/posts\/76507\/revisions"}],"predecessor-version":[{"id":76509,"href":"https:\/\/www.egemtv.com\/index.php?rest_route=\/wp\/v2\/posts\/76507\/revisions\/76509"}],"wp:featuredmedia":[{"embeddable":true,"href":"https:\/\/www.egemtv.com\/index.php?rest_route=\/wp\/v2\/media\/76508"}],"wp:attachment":[{"href":"https:\/\/www.egemtv.com\/index.php?rest_route=%2Fwp%2Fv2%2Fmedia&parent=76507"}],"wp:term":[{"taxonomy":"category","embeddable":true,"href":"https:\/\/www.egemtv.com\/index.php?rest_route=%2Fwp%2Fv2%2Fcategories&post=76507"},{"taxonomy":"post_tag","embeddable":true,"href":"https:\/\/www.egemtv.com\/index.php?rest_route=%2Fwp%2Fv2%2Ftags&post=76507"}],"curies":[{"name":"wp","href":"https:\/\/api.w.org\/{rel}","templated":true}]}}