{"id":76504,"date":"2025-12-25T12:14:43","date_gmt":"2025-12-25T09:14:43","guid":{"rendered":"https:\/\/www.egemtv.com\/?p=76504"},"modified":"2025-12-25T12:14:44","modified_gmt":"2025-12-25T09:14:44","slug":"aliaga-ve-focada-yanan-orman-alanlari-yeniden-yesile-kavusuyor","status":"publish","type":"post","link":"https:\/\/www.egemtv.com\/?p=76504","title":{"rendered":"Alia\u011fa ve Fo\u00e7a\u2019da yanan orman alanlar\u0131 yeniden ye\u015file kavu\u015fuyor"},"content":{"rendered":"<p>\u0130zmir\u2019in Alia\u011fa ve Fo\u00e7a il\u00e7elerinde ge\u00e7ti\u011fimiz haziran ay\u0131nda meydana gelen orman yang\u0131nlar\u0131nda y\u00fczlerce hektar alan zarar g\u00f6rd\u00fc. Orman Genel M\u00fcd\u00fcrl\u00fc\u011f\u00fc taraf\u0131ndan yanan alanlar\u0131n yeniden ye\u015fillendirilmesi amac\u0131yla b\u00f6lgede ba\u015flat\u0131lan \u00e7al\u0131\u015fmalar aral\u0131ks\u0131z s\u00fcr\u00fcyor.<br \/>\n<br \/>Haziran ay\u0131nda Alia\u011fa ve Fo\u00e7a\u2019da meydana gelen ve geni\u015f bir ormanl\u0131k alan\u0131 etkileyen yang\u0131n sonras\u0131 \u0130zmir Orman B\u00f6lge M\u00fcd\u00fcrl\u00fc\u011f\u00fc ekipleri sahada \u00e7al\u0131\u015fmalar\u0131na devam ediyor. Bu kapsamda, 2026 y\u0131l\u0131 i\u00e7erisinde yang\u0131ndan etkilenen alanlarda 1 milyon fidan ve 400 bin tohumun toprakla bulu\u015fturulmas\u0131 planlan\u0131yor.<br \/>\n<br \/>Konuya ili\u015fkin a\u00e7\u0131klamalarda bulunan Alia\u011fa Orman \u015eefi Mustafa Ayd\u0131nl\u0131, 25 Haziran 2025 tarihinde ba\u015flayarak Alia\u011fa il\u00e7esi Bozk\u00f6y Mahallesi ile Fo\u00e7a il\u00e7esi Il\u0131p\u0131nar Mahallesi\u2019ni etkileyen orman yang\u0131n\u0131nda toplam 893 hektar alan\u0131n zarar g\u00f6rd\u00fc\u011f\u00fcn\u00fc belirtti.<br \/>\n<br \/>Ayd\u0131nl\u0131, yang\u0131n\u0131n ard\u0131ndan s\u00f6nd\u00fcrme ve so\u011futma \u00e7al\u0131\u015fmalar\u0131n\u0131n tamamlanmas\u0131yla birlikte h\u0131zl\u0131 bir \u015fekilde hasar tespit \u00e7al\u0131\u015fmalar\u0131na ge\u00e7ildi\u011fini ifade ederek, &#8220;Yang\u0131ndan etkilenen a\u011fa\u00e7lar\u0131n tespiti yap\u0131larak kesim ve \u00fcretim faaliyetlerine ba\u015fland\u0131. B\u00fcy\u00fck \u00e7o\u011funlu\u011fu tamamlanan bu \u00e7al\u0131\u015fmalar\u0131n ard\u0131ndan alanlar tamamen temizlendi. Temizlenen sahalarda arazi haz\u0131rl\u0131\u011f\u0131 ve toprak i\u015fleme \u00e7al\u0131\u015fmalar\u0131 yap\u0131ld\u0131 ve halen devam etmektedir&#8221; dedi.<br \/>\n<br \/>Dikim \u00e7al\u0131\u015fmalar\u0131na da de\u011finen Ayd\u0131nl\u0131, &#8220;Aral\u0131k ay\u0131 sonu itibar\u0131yla bu y\u0131la ait dikim program\u0131m\u0131z tamamlanacak. 2026 y\u0131l\u0131 i\u00e7erisinde ise \u00e7al\u0131\u015fmalar tamamen bitirilerek yang\u0131nda siyaha d\u00f6nen orman alanlar\u0131m\u0131z yeniden ye\u015file d\u00f6n\u00fc\u015ft\u00fcr\u00fclecek&#8221; ifadelerini kulland\u0131.<br \/>\n<br \/>Y\u00fcr\u00fct\u00fclen \u00e7al\u0131\u015fmalarla birlikte, yang\u0131ndan zarar g\u00f6ren alanlar\u0131n ekosistemine yeniden kazand\u0131r\u0131lmas\u0131 ve do\u011fal ya\u015fam\u0131n canland\u0131r\u0131lmas\u0131 hedefleniyor.<br \/><\/p>\n","protected":false},"excerpt":{"rendered":"<p>\u0130zmir\u2019in Alia\u011fa ve Fo\u00e7a il\u00e7elerinde ge\u00e7ti\u011fimiz haziran ay\u0131nda meydana gelen orman yang\u0131nlar\u0131nda y\u00fczlerce hektar alan zarar g\u00f6rd\u00fc. Orman Genel M\u00fcd\u00fcrl\u00fc\u011f\u00fc taraf\u0131ndan yanan alanlar\u0131n yeniden ye\u015fillendirilmesi amac\u0131yla b\u00f6lgede ba\u015flat\u0131lan \u00e7al\u0131\u015fmalar aral\u0131ks\u0131z s\u00fcr\u00fcyor. Haziran ay\u0131nda Alia\u011fa ve Fo\u00e7a\u2019da meydana gelen ve geni\u015f bir ormanl\u0131k alan\u0131 etkileyen yang\u0131n sonras\u0131 \u0130zmir Orman B\u00f6lge M\u00fcd\u00fcrl\u00fc\u011f\u00fc ekipleri sahada \u00e7al\u0131\u015fmalar\u0131na devam ediyor&#8230;.<\/p>\n","protected":false},"author":1,"featured_media":76505,"comment_status":"open","ping_status":"open","sticky":false,"template":"","format":"standard","meta":{"_crdt_document":"","footnotes":""},"categories":[1],"tags":[],"class_list":["post-76504","post","type-post","status-publish","format-standard","has-post-thumbnail","hentry","category-guncel"],"_links":{"self":[{"href":"https:\/\/www.egemtv.com\/index.php?rest_route=\/wp\/v2\/posts\/76504","targetHints":{"allow":["GET"]}}],"collection":[{"href":"https:\/\/www.egemtv.com\/index.php?rest_route=\/wp\/v2\/posts"}],"about":[{"href":"https:\/\/www.egemtv.com\/index.php?rest_route=\/wp\/v2\/types\/post"}],"author":[{"embeddable":true,"href":"https:\/\/www.egemtv.com\/index.php?rest_route=\/wp\/v2\/users\/1"}],"replies":[{"embeddable":true,"href":"https:\/\/www.egemtv.com\/index.php?rest_route=%2Fwp%2Fv2%2Fcomments&post=76504"}],"version-history":[{"count":1,"href":"https:\/\/www.egemtv.com\/index.php?rest_route=\/wp\/v2\/posts\/76504\/revisions"}],"predecessor-version":[{"id":76506,"href":"https:\/\/www.egemtv.com\/index.php?rest_route=\/wp\/v2\/posts\/76504\/revisions\/76506"}],"wp:featuredmedia":[{"embeddable":true,"href":"https:\/\/www.egemtv.com\/index.php?rest_route=\/wp\/v2\/media\/76505"}],"wp:attachment":[{"href":"https:\/\/www.egemtv.com\/index.php?rest_route=%2Fwp%2Fv2%2Fmedia&parent=76504"}],"wp:term":[{"taxonomy":"category","embeddable":true,"href":"https:\/\/www.egemtv.com\/index.php?rest_route=%2Fwp%2Fv2%2Fcategories&post=76504"},{"taxonomy":"post_tag","embeddable":true,"href":"https:\/\/www.egemtv.com\/index.php?rest_route=%2Fwp%2Fv2%2Ftags&post=76504"}],"curies":[{"name":"wp","href":"https:\/\/api.w.org\/{rel}","templated":true}]}}