{"id":76501,"date":"2025-12-25T11:54:49","date_gmt":"2025-12-25T08:54:49","guid":{"rendered":"https:\/\/www.egemtv.com\/?p=76501"},"modified":"2025-12-25T11:54:51","modified_gmt":"2025-12-25T08:54:51","slug":"tavsanlida-aralik-ayi-sonunda-da-melki-mantari-bereketi","status":"publish","type":"post","link":"https:\/\/www.egemtv.com\/?p=76501","title":{"rendered":"Tav\u015fanl\u0131\u2019da Aral\u0131k ay\u0131 sonunda da Melki mantar\u0131 bereketi"},"content":{"rendered":"<p>K\u00fctahya\u2019n\u0131n Tav\u015fanl\u0131 il\u00e7esinde halk aras\u0131nda &#8220;Melki&#8221; olarak bilinen Kanl\u0131ca mantar\u0131, Aral\u0131k ay\u0131n\u0131n son g\u00fcnlerinde de tezgahlar\u0131 s\u00fcslemeye devam ediyor. Fiyat\u0131 sezon ba\u015f\u0131na g\u00f6re hayli d\u00fc\u015fen mantara vatanda\u015flar yo\u011fun ilgi g\u00f6steriyor.<br \/>\n<br \/>K\u00fctahya\u2019n\u0131n Tav\u015fanl\u0131 il\u00e7esi Durak Mahallesi\u2019nde bulunan ve halk aras\u0131nda &#8220;Kantar&#8221; olarak bilinen b\u00f6lge, adeta bir mantar pazar\u0131na d\u00f6n\u00fc\u015ft\u00fc. Eyl\u00fcl ay\u0131nda ba\u015flayan mantar sezonu, k\u0131\u015f mevsiminin ortas\u0131na gelinmesine ra\u011fmen t\u00fcm h\u0131z\u0131yla s\u00fcr\u00fcyor. Da\u011flardan b\u00fcy\u00fck emeklerle toplanan Melki mantar\u0131n\u0131n fiyat\u0131ndaki d\u00fc\u015f\u00fc\u015f ise dikkat \u00e7ekiyor. Sezon ba\u015f\u0131nda kilogram\u0131 400 TL\u2019den sat\u0131lan mantar, \u015fimdilerde 100 ile 150 TL aras\u0131nda al\u0131c\u0131 buluyor.<br \/>\n<br \/>Uzun y\u0131llard\u0131r mantar toplay\u0131c\u0131l\u0131\u011f\u0131 ve sat\u0131c\u0131l\u0131\u011f\u0131 yapan Cemil Akda\u011f, s\u00fcrecin zorluklar\u0131n\u0131 ve mantar\u0131n rotas\u0131n\u0131 anlatt\u0131. Akda\u011f, melkinin kar ya\u011fana kadar \u00e7\u0131kmaya devam edece\u011fini belirterek \u015funlar\u0131 s\u00f6yledi:<br \/>\n<br \/>&#8220;Melki sat\u0131\u015flar\u0131 kar ya\u011fana kadar devam eder. Melkiler ilk \u00e7\u0131kt\u0131\u011f\u0131nda 400 lira idi, \u015fimdi bollukla beraber 100-150 TL\u2019ye kadar d\u00fc\u015ft\u00fc. Eyl\u00fcl ay\u0131nda \u00e7\u0131kmaya ba\u015flayan melkiler, Aral\u0131k ay\u0131 sonuna kadar topland\u0131 ve sat\u0131\u015f\u0131 s\u00fcrd\u00fc. Ancak toplamas\u0131 ger\u00e7ekten \u00e7ok zor, g\u00fcn boyu da\u011f da\u011f geziyoruz. Son zamanlarda mantarlar \u00f6zellikle Yaylac\u0131k ve Domani\u00e7 il\u00e7esi Sar\u0131ot k\u00f6y\u00fc ormanlar\u0131nda yo\u011funla\u015f\u0131yor.&#8221;<br \/>\n<br \/>Havan\u0131n hen\u00fcz karla kaplanmam\u0131\u015f olmas\u0131n\u0131 f\u0131rsat bilen sat\u0131c\u0131lar, ormanlar\u0131n derinliklerinden toplad\u0131klar\u0131 bu do\u011fal lezzeti &#8220;Kantar&#8221; b\u00f6lgesinde kurduklar\u0131 tezgahlarda vatanda\u015flara sunmaya devam ediyor.<br \/><\/p>\n","protected":false},"excerpt":{"rendered":"<p>K\u00fctahya\u2019n\u0131n Tav\u015fanl\u0131 il\u00e7esinde halk aras\u0131nda &#8220;Melki&#8221; olarak bilinen Kanl\u0131ca mantar\u0131, Aral\u0131k ay\u0131n\u0131n son g\u00fcnlerinde de tezgahlar\u0131 s\u00fcslemeye devam ediyor. Fiyat\u0131 sezon ba\u015f\u0131na g\u00f6re hayli d\u00fc\u015fen mantara vatanda\u015flar yo\u011fun ilgi g\u00f6steriyor. K\u00fctahya\u2019n\u0131n Tav\u015fanl\u0131 il\u00e7esi Durak Mahallesi\u2019nde bulunan ve halk aras\u0131nda &#8220;Kantar&#8221; olarak bilinen b\u00f6lge, adeta bir mantar pazar\u0131na d\u00f6n\u00fc\u015ft\u00fc. Eyl\u00fcl ay\u0131nda ba\u015flayan mantar sezonu, k\u0131\u015f mevsiminin&#8230;<\/p>\n","protected":false},"author":1,"featured_media":76502,"comment_status":"open","ping_status":"open","sticky":false,"template":"","format":"standard","meta":{"_crdt_document":"","footnotes":""},"categories":[1],"tags":[],"class_list":["post-76501","post","type-post","status-publish","format-standard","has-post-thumbnail","hentry","category-guncel"],"_links":{"self":[{"href":"https:\/\/www.egemtv.com\/index.php?rest_route=\/wp\/v2\/posts\/76501","targetHints":{"allow":["GET"]}}],"collection":[{"href":"https:\/\/www.egemtv.com\/index.php?rest_route=\/wp\/v2\/posts"}],"about":[{"href":"https:\/\/www.egemtv.com\/index.php?rest_route=\/wp\/v2\/types\/post"}],"author":[{"embeddable":true,"href":"https:\/\/www.egemtv.com\/index.php?rest_route=\/wp\/v2\/users\/1"}],"replies":[{"embeddable":true,"href":"https:\/\/www.egemtv.com\/index.php?rest_route=%2Fwp%2Fv2%2Fcomments&post=76501"}],"version-history":[{"count":1,"href":"https:\/\/www.egemtv.com\/index.php?rest_route=\/wp\/v2\/posts\/76501\/revisions"}],"predecessor-version":[{"id":76503,"href":"https:\/\/www.egemtv.com\/index.php?rest_route=\/wp\/v2\/posts\/76501\/revisions\/76503"}],"wp:featuredmedia":[{"embeddable":true,"href":"https:\/\/www.egemtv.com\/index.php?rest_route=\/wp\/v2\/media\/76502"}],"wp:attachment":[{"href":"https:\/\/www.egemtv.com\/index.php?rest_route=%2Fwp%2Fv2%2Fmedia&parent=76501"}],"wp:term":[{"taxonomy":"category","embeddable":true,"href":"https:\/\/www.egemtv.com\/index.php?rest_route=%2Fwp%2Fv2%2Fcategories&post=76501"},{"taxonomy":"post_tag","embeddable":true,"href":"https:\/\/www.egemtv.com\/index.php?rest_route=%2Fwp%2Fv2%2Ftags&post=76501"}],"curies":[{"name":"wp","href":"https:\/\/api.w.org\/{rel}","templated":true}]}}