{"id":76498,"date":"2025-12-25T11:54:48","date_gmt":"2025-12-25T08:54:48","guid":{"rendered":"https:\/\/www.egemtv.com\/?p=76498"},"modified":"2025-12-25T11:54:49","modified_gmt":"2025-12-25T08:54:49","slug":"sultanhisarda-zeytin-budama-kursu-basladi","status":"publish","type":"post","link":"https:\/\/www.egemtv.com\/?p=76498","title":{"rendered":"Sultanhisar\u2019da zeytin budama kursu ba\u015flad\u0131"},"content":{"rendered":"<p>Ayd\u0131n\u2019da zeytin hasat sezonunun sona ermesiyle birlikte budama s\u00fcreci ba\u015flarken, Sultanhisar Halk E\u011fitimi Merkezi taraf\u0131ndan a\u00e7\u0131lan Zeytin A\u011fa\u00e7lar\u0131nda Budama Kursu kapsam\u0131nda kat\u0131l\u0131mc\u0131lara teorik ve uygulamal\u0131 e\u011fitimler veriliyor.<\/p>\n<p>T\u00fcrkiye\u2019nin \u00f6nemli zeytin \u00fcretim merkezlerinden olan Ayd\u0131n\u2019da, zeytin hasat sezonunun tamamlanmas\u0131n\u0131n ard\u0131ndan budama d\u00f6nemi ba\u015flad\u0131. Bu kapsamda Halk E\u011fitimi Merkezleri taraf\u0131ndan \u00fcreticilere y\u00f6nelik bilgilendirme e\u011fitimleri de aral\u0131ks\u0131z devam ederken Sultanhisar Halk E\u011fitimi Merkezi\u2019nde a\u00e7\u0131lan Zeytin A\u011fa\u00e7lar\u0131nda Budama Kursu devam ediyor. Kurs kapsam\u0131nda kat\u0131l\u0131mc\u0131lara, zeytin a\u011fa\u00e7lar\u0131n\u0131n do\u011fru budama teknikleri, budaman\u0131n a\u011fa\u00e7 geli\u015fimi ve verim \u00fczerindeki etkileri ile mevsimsel bak\u0131m uygulamalar\u0131 hakk\u0131nda teorik ve uygulamal\u0131 e\u011fitimler veriliyor.<\/p>\n<p>Zeytin \u00fcretiminin yayg\u0131n oldu\u011fu Ayd\u0131n\u2019da, budama d\u00f6nemine girilmesiyle birlikte a\u00e7\u0131lan kursun, \u00fcreticilerin do\u011fru uygulamalar konusunda bilin\u00e7lenmesine katk\u0131 sunmas\u0131n\u0131 ama\u00e7lad\u0131klar\u0131n\u0131 vurgulayan Sultanhisar Halk E\u011fitimi Merkezi taraf\u0131ndan yap\u0131lan a\u00e7\u0131klamada &#8220;Kurumumuzun bah\u00e7esinde a\u00e7t\u0131\u011f\u0131m\u0131z Zeytin A\u011fa\u00e7lar\u0131nda Budama kursumuz \u0130l\u00e7e Milli E\u011fitim M\u00fcd\u00fcr\u00fcm\u00fcz Erdin\u00e7 G\u00fcner\u2019in kat\u0131l\u0131mlar\u0131yla devam etmektedir&#8221; ifadeleri yer ald\u0131.<br \/><\/p>\n","protected":false},"excerpt":{"rendered":"<p>Ayd\u0131n\u2019da zeytin hasat sezonunun sona ermesiyle birlikte budama s\u00fcreci ba\u015flarken, Sultanhisar Halk E\u011fitimi Merkezi taraf\u0131ndan a\u00e7\u0131lan Zeytin A\u011fa\u00e7lar\u0131nda Budama Kursu kapsam\u0131nda kat\u0131l\u0131mc\u0131lara teorik ve uygulamal\u0131 e\u011fitimler veriliyor. T\u00fcrkiye\u2019nin \u00f6nemli zeytin \u00fcretim merkezlerinden olan Ayd\u0131n\u2019da, zeytin hasat sezonunun tamamlanmas\u0131n\u0131n ard\u0131ndan budama d\u00f6nemi ba\u015flad\u0131. Bu kapsamda Halk E\u011fitimi Merkezleri taraf\u0131ndan \u00fcreticilere y\u00f6nelik bilgilendirme e\u011fitimleri de aral\u0131ks\u0131z devam&#8230;<\/p>\n","protected":false},"author":1,"featured_media":76499,"comment_status":"open","ping_status":"open","sticky":false,"template":"","format":"standard","meta":{"_crdt_document":"","footnotes":""},"categories":[1],"tags":[],"class_list":["post-76498","post","type-post","status-publish","format-standard","has-post-thumbnail","hentry","category-guncel"],"_links":{"self":[{"href":"https:\/\/www.egemtv.com\/index.php?rest_route=\/wp\/v2\/posts\/76498","targetHints":{"allow":["GET"]}}],"collection":[{"href":"https:\/\/www.egemtv.com\/index.php?rest_route=\/wp\/v2\/posts"}],"about":[{"href":"https:\/\/www.egemtv.com\/index.php?rest_route=\/wp\/v2\/types\/post"}],"author":[{"embeddable":true,"href":"https:\/\/www.egemtv.com\/index.php?rest_route=\/wp\/v2\/users\/1"}],"replies":[{"embeddable":true,"href":"https:\/\/www.egemtv.com\/index.php?rest_route=%2Fwp%2Fv2%2Fcomments&post=76498"}],"version-history":[{"count":1,"href":"https:\/\/www.egemtv.com\/index.php?rest_route=\/wp\/v2\/posts\/76498\/revisions"}],"predecessor-version":[{"id":76500,"href":"https:\/\/www.egemtv.com\/index.php?rest_route=\/wp\/v2\/posts\/76498\/revisions\/76500"}],"wp:featuredmedia":[{"embeddable":true,"href":"https:\/\/www.egemtv.com\/index.php?rest_route=\/wp\/v2\/media\/76499"}],"wp:attachment":[{"href":"https:\/\/www.egemtv.com\/index.php?rest_route=%2Fwp%2Fv2%2Fmedia&parent=76498"}],"wp:term":[{"taxonomy":"category","embeddable":true,"href":"https:\/\/www.egemtv.com\/index.php?rest_route=%2Fwp%2Fv2%2Fcategories&post=76498"},{"taxonomy":"post_tag","embeddable":true,"href":"https:\/\/www.egemtv.com\/index.php?rest_route=%2Fwp%2Fv2%2Ftags&post=76498"}],"curies":[{"name":"wp","href":"https:\/\/api.w.org\/{rel}","templated":true}]}}