{"id":76495,"date":"2025-12-25T11:34:49","date_gmt":"2025-12-25T08:34:49","guid":{"rendered":"https:\/\/www.egemtv.com\/?p=76495"},"modified":"2025-12-25T11:34:49","modified_gmt":"2025-12-25T08:34:49","slug":"denizlili-3-firma-bakanligin-ifsa-listesine-girdi","status":"publish","type":"post","link":"https:\/\/www.egemtv.com\/?p=76495","title":{"rendered":"Denizlili 3 firma bakanl\u0131\u011f\u0131n if\u015fa listesine girdi"},"content":{"rendered":"<p>Tar\u0131m ve Orman Bakanl\u0131\u011f\u0131\u2019n\u0131n yay\u0131mlad\u0131\u011f\u0131 son denetim sonu\u00e7lar\u0131nda Denizli\u2019den 3 firma yer ald\u0131. Yap\u0131lan kontrollerde, takviye edici g\u0131dalarda ila\u00e7 etken maddesi ile pili\u00e7 sucuk \u00fcr\u00fcnlerinde mevzuata ayk\u0131r\u0131 i\u00e7erik kullan\u0131m\u0131 tespit edildi.<\/p>\n<p>Bakanl\u0131k taraf\u0131ndan ger\u00e7ekle\u015ftirilen resmi denetimlerde, insan sa\u011fl\u0131\u011f\u0131n\u0131 tehlikeye d\u00fc\u015f\u00fcrebilecek \u00fcr\u00fcnler ile taklit ve ta\u011f\u015fi\u015f yap\u0131ld\u0131\u011f\u0131 belirlenen g\u0131dalar kamuoyuyla payla\u015f\u0131ld\u0131. A\u00e7\u0131klanan listede Denizli\u2019de faaliyet g\u00f6steren 3 firman\u0131n isimleri ve \u00fcr\u00fcnleri if\u015fa edildi.<\/p>\n<p>Sa\u011fl\u0131\u011f\u0131 riske atan \u00fcr\u00fcnler ile g\u0131dan\u0131n ger\u00e7ek niteli\u011fini bozacak \u015fekilde yap\u0131lan uygulamalar g\u00fcndemdeki yerini korurken, Tar\u0131m ve Orman Bakanl\u0131\u011f\u0131 bu t\u00fcr \u00fcr\u00fcnleri resmi internet sitesi \u00fczerinden duyurmaya devam ediyor. Son yay\u0131mlanan listede Denizli\u2019den 3 firman\u0131n bulunmas\u0131 dikkat \u00e7ekti.<\/p>\n<p>Takviye edici g\u0131dada ila\u00e7 etken maddesi tespit edildi<br \/>\n<br \/>Bakanl\u0131\u011f\u0131n &#8220;Sa\u011fl\u0131\u011f\u0131 Tehlikeye D\u00fc\u015f\u00fcrecek G\u0131dalar&#8221; ba\u015fl\u0131\u011f\u0131 alt\u0131nda yapt\u0131\u011f\u0131 a\u00e7\u0131klamada, Denizli\u2019nin Merkezefendi il\u00e7esinde faaliyet g\u00f6steren bir firma yer ald\u0131.<br \/>\n<br \/>11 Aral\u0131k 2025 tarihli kay\u0131tta, Technoarge Enerji Kimya Teknoloji Ar-Ge Bitkisel G\u0131da Sanayi ve D\u0131\u015f Ticaret Limited \u015eirketi\u2019nin \u00fcretti\u011fi takviye edici g\u0131dada &#8220;ila\u00e7 etken maddesi&#8221; tespit edildi\u011fi bildirildi. &#8220;Diwson&#8221; markas\u0131yla piyasaya sunulan &#8220;Panax Ginseng Nitric Oxide&#8221; adl\u0131 \u00fcr\u00fcnde yap\u0131lan analizler sonucunda mevzuata ayk\u0131r\u0131 i\u00e7erik bulundu\u011fu belirtildi.<\/p>\n<p>Pili\u00e7 sucukta mevzuata ayk\u0131r\u0131 et kullan\u0131m\u0131<br \/>\n<br \/>Bakanl\u0131\u011f\u0131n ayn\u0131 tarihli listesinde, Cankurt Et ve Et Mamulleri Ticareti firmas\u0131na ait \u0131s\u0131l i\u015flem g\u00f6rm\u00fc\u015f pili\u00e7 sucuk \u00fcr\u00fcn\u00fcnde mekanik ayr\u0131lm\u0131\u015f kanatl\u0131 eti kullan\u0131ld\u0131\u011f\u0131 tespit edildi.<br \/>\n<br \/>Ayr\u0131ca Yakupa\u011fa Et ve Et \u00dcr\u00fcnleri Hayvanc\u0131l\u0131k Tar\u0131m \u00dcr\u00fcnleri G\u0131da Pazarlama \u0130thalat \u0130hracat Ticaret ve Sanayi Ltd. \u015eti. taraf\u0131ndan \u00fcretilen pili\u00e7 sucukta da benzer \u015fekilde mekanik ayr\u0131lm\u0131\u015f kanatl\u0131 eti bulundu\u011fu kamuoyuna duyuruldu.<br \/><\/p>\n","protected":false},"excerpt":{"rendered":"<p>Tar\u0131m ve Orman Bakanl\u0131\u011f\u0131\u2019n\u0131n yay\u0131mlad\u0131\u011f\u0131 son denetim sonu\u00e7lar\u0131nda Denizli\u2019den 3 firma yer ald\u0131. Yap\u0131lan kontrollerde, takviye edici g\u0131dalarda ila\u00e7 etken maddesi ile pili\u00e7 sucuk \u00fcr\u00fcnlerinde mevzuata ayk\u0131r\u0131 i\u00e7erik kullan\u0131m\u0131 tespit edildi. Bakanl\u0131k taraf\u0131ndan ger\u00e7ekle\u015ftirilen resmi denetimlerde, insan sa\u011fl\u0131\u011f\u0131n\u0131 tehlikeye d\u00fc\u015f\u00fcrebilecek \u00fcr\u00fcnler ile taklit ve ta\u011f\u015fi\u015f yap\u0131ld\u0131\u011f\u0131 belirlenen g\u0131dalar kamuoyuyla payla\u015f\u0131ld\u0131. A\u00e7\u0131klanan listede Denizli\u2019de faaliyet g\u00f6steren&#8230;<\/p>\n","protected":false},"author":1,"featured_media":76496,"comment_status":"open","ping_status":"open","sticky":false,"template":"","format":"standard","meta":{"_crdt_document":"","footnotes":""},"categories":[2],"tags":[],"class_list":["post-76495","post","type-post","status-publish","format-standard","has-post-thumbnail","hentry","category-saglik"],"_links":{"self":[{"href":"https:\/\/www.egemtv.com\/index.php?rest_route=\/wp\/v2\/posts\/76495","targetHints":{"allow":["GET"]}}],"collection":[{"href":"https:\/\/www.egemtv.com\/index.php?rest_route=\/wp\/v2\/posts"}],"about":[{"href":"https:\/\/www.egemtv.com\/index.php?rest_route=\/wp\/v2\/types\/post"}],"author":[{"embeddable":true,"href":"https:\/\/www.egemtv.com\/index.php?rest_route=\/wp\/v2\/users\/1"}],"replies":[{"embeddable":true,"href":"https:\/\/www.egemtv.com\/index.php?rest_route=%2Fwp%2Fv2%2Fcomments&post=76495"}],"version-history":[{"count":1,"href":"https:\/\/www.egemtv.com\/index.php?rest_route=\/wp\/v2\/posts\/76495\/revisions"}],"predecessor-version":[{"id":76497,"href":"https:\/\/www.egemtv.com\/index.php?rest_route=\/wp\/v2\/posts\/76495\/revisions\/76497"}],"wp:featuredmedia":[{"embeddable":true,"href":"https:\/\/www.egemtv.com\/index.php?rest_route=\/wp\/v2\/media\/76496"}],"wp:attachment":[{"href":"https:\/\/www.egemtv.com\/index.php?rest_route=%2Fwp%2Fv2%2Fmedia&parent=76495"}],"wp:term":[{"taxonomy":"category","embeddable":true,"href":"https:\/\/www.egemtv.com\/index.php?rest_route=%2Fwp%2Fv2%2Fcategories&post=76495"},{"taxonomy":"post_tag","embeddable":true,"href":"https:\/\/www.egemtv.com\/index.php?rest_route=%2Fwp%2Fv2%2Ftags&post=76495"}],"curies":[{"name":"wp","href":"https:\/\/api.w.org\/{rel}","templated":true}]}}