{"id":76492,"date":"2025-12-25T11:34:48","date_gmt":"2025-12-25T08:34:48","guid":{"rendered":"https:\/\/www.egemtv.com\/?p=76492"},"modified":"2025-12-25T11:34:49","modified_gmt":"2025-12-25T08:34:49","slug":"denizli-genclik-merkezi-muduru-degisti","status":"publish","type":"post","link":"https:\/\/www.egemtv.com\/?p=76492","title":{"rendered":"Denizli Gen\u00e7lik Merkezi m\u00fcd\u00fcr\u00fc de\u011fi\u015fti"},"content":{"rendered":"<p>Denizli Gen\u00e7lik ve Spor \u0130l M\u00fcd\u00fcrl\u00fc\u011f\u00fcne ba\u011fl\u0131 Denizli Gen\u00e7lik Merkezi M\u00fcd\u00fcr\u00fc Mustafa Y\u0131lmaz\u2019\u0131n g\u00f6revinden istifa etmesi \u00fczerine yerine \u00d6mer Yasin Kocalar atand\u0131.<br \/>\n<br \/>Denizli Gen\u00e7lik ve Spor \u0130l M\u00fcd\u00fcrl\u00fc\u011f\u00fcne ba\u011fl\u0131 \u0130ncilip\u0131nar Mahallesi\u2019nde bulunan Denizli Gen\u00e7lik Merkezi\u2019nde g\u00f6rev de\u011fi\u015fimi ya\u015fand\u0131. Uzun y\u0131llard\u0131r Denizli Gen\u00e7lik Merkezi m\u00fcd\u00fcr\u00fc olarak g\u00f6rev yapan Mustafa Y\u0131lmaz g\u00f6revinden istifa etti. Mustafa Y\u0131lmaz\u2019\u0131n istifas\u0131 \u00fczerine yerine \u00d6mer Yasin Kocalar atand\u0131.<br \/><\/p>\n","protected":false},"excerpt":{"rendered":"<p>Denizli Gen\u00e7lik ve Spor \u0130l M\u00fcd\u00fcrl\u00fc\u011f\u00fcne ba\u011fl\u0131 Denizli Gen\u00e7lik Merkezi M\u00fcd\u00fcr\u00fc Mustafa Y\u0131lmaz\u2019\u0131n g\u00f6revinden istifa etmesi \u00fczerine yerine \u00d6mer Yasin Kocalar atand\u0131. Denizli Gen\u00e7lik ve Spor \u0130l M\u00fcd\u00fcrl\u00fc\u011f\u00fcne ba\u011fl\u0131 \u0130ncilip\u0131nar Mahallesi\u2019nde bulunan Denizli Gen\u00e7lik Merkezi\u2019nde g\u00f6rev de\u011fi\u015fimi ya\u015fand\u0131. Uzun y\u0131llard\u0131r Denizli Gen\u00e7lik Merkezi m\u00fcd\u00fcr\u00fc olarak g\u00f6rev yapan Mustafa Y\u0131lmaz g\u00f6revinden istifa etti. Mustafa Y\u0131lmaz\u2019\u0131n istifas\u0131&#8230;<\/p>\n","protected":false},"author":1,"featured_media":76493,"comment_status":"open","ping_status":"open","sticky":false,"template":"","format":"standard","meta":{"_crdt_document":"","footnotes":""},"categories":[1],"tags":[],"class_list":["post-76492","post","type-post","status-publish","format-standard","has-post-thumbnail","hentry","category-guncel"],"_links":{"self":[{"href":"https:\/\/www.egemtv.com\/index.php?rest_route=\/wp\/v2\/posts\/76492","targetHints":{"allow":["GET"]}}],"collection":[{"href":"https:\/\/www.egemtv.com\/index.php?rest_route=\/wp\/v2\/posts"}],"about":[{"href":"https:\/\/www.egemtv.com\/index.php?rest_route=\/wp\/v2\/types\/post"}],"author":[{"embeddable":true,"href":"https:\/\/www.egemtv.com\/index.php?rest_route=\/wp\/v2\/users\/1"}],"replies":[{"embeddable":true,"href":"https:\/\/www.egemtv.com\/index.php?rest_route=%2Fwp%2Fv2%2Fcomments&post=76492"}],"version-history":[{"count":1,"href":"https:\/\/www.egemtv.com\/index.php?rest_route=\/wp\/v2\/posts\/76492\/revisions"}],"predecessor-version":[{"id":76494,"href":"https:\/\/www.egemtv.com\/index.php?rest_route=\/wp\/v2\/posts\/76492\/revisions\/76494"}],"wp:featuredmedia":[{"embeddable":true,"href":"https:\/\/www.egemtv.com\/index.php?rest_route=\/wp\/v2\/media\/76493"}],"wp:attachment":[{"href":"https:\/\/www.egemtv.com\/index.php?rest_route=%2Fwp%2Fv2%2Fmedia&parent=76492"}],"wp:term":[{"taxonomy":"category","embeddable":true,"href":"https:\/\/www.egemtv.com\/index.php?rest_route=%2Fwp%2Fv2%2Fcategories&post=76492"},{"taxonomy":"post_tag","embeddable":true,"href":"https:\/\/www.egemtv.com\/index.php?rest_route=%2Fwp%2Fv2%2Ftags&post=76492"}],"curies":[{"name":"wp","href":"https:\/\/api.w.org\/{rel}","templated":true}]}}