{"id":76489,"date":"2025-12-25T10:54:56","date_gmt":"2025-12-25T07:54:56","guid":{"rendered":"https:\/\/www.egemtv.com\/?p=76489"},"modified":"2025-12-25T10:54:57","modified_gmt":"2025-12-25T07:54:57","slug":"afaddan-ozel-egitim-ve-rehabilitasyon-merkezinde-tatbikat","status":"publish","type":"post","link":"https:\/\/www.egemtv.com\/?p=76489","title":{"rendered":"AFAD\u2019dan \u00f6zel e\u011fitim ve rehabilitasyon merkezinde tatbikat"},"content":{"rendered":"<p>Afyonkarahisar \u0130l Afet ve Acil Durumu M\u00fcd\u00fcrl\u00fc\u011f\u00fc (AFAD) ekipleri taraf\u0131ndan rehabilitasyon merkezinde e\u011fitim verilerek tatbikat yap\u0131ld\u0131.<br \/>\n<br \/>AFAD ekipleri taraf\u0131ndan kent genelinde ger\u00e7ekle\u015ftirilen e\u011fitim ve tatbikat \u00e7al\u0131\u015fmalar\u0131 devam ediyor. Bu \u00e7er\u00e7evede ekipler taraf\u0131ndan kentteki \u00f6zel bir e\u011fitim ve rehabilitasyon merkezinde \u00f6\u011frencilere, ailelerine ve personele y\u00f6nelik \u2018Afet Fark\u0131ndal\u0131k E\u011fitimi ile Deprem, Tahliye ve Yang\u0131n Tatbikat\u0131\u2019 yap\u0131ld\u0131.<br \/><\/p>\n","protected":false},"excerpt":{"rendered":"<p>Afyonkarahisar \u0130l Afet ve Acil Durumu M\u00fcd\u00fcrl\u00fc\u011f\u00fc (AFAD) ekipleri taraf\u0131ndan rehabilitasyon merkezinde e\u011fitim verilerek tatbikat yap\u0131ld\u0131. AFAD ekipleri taraf\u0131ndan kent genelinde ger\u00e7ekle\u015ftirilen e\u011fitim ve tatbikat \u00e7al\u0131\u015fmalar\u0131 devam ediyor. Bu \u00e7er\u00e7evede ekipler taraf\u0131ndan kentteki \u00f6zel bir e\u011fitim ve rehabilitasyon merkezinde \u00f6\u011frencilere, ailelerine ve personele y\u00f6nelik \u2018Afet Fark\u0131ndal\u0131k E\u011fitimi ile Deprem, Tahliye ve Yang\u0131n Tatbikat\u0131\u2019 yap\u0131ld\u0131.<\/p>\n","protected":false},"author":1,"featured_media":76490,"comment_status":"open","ping_status":"open","sticky":false,"template":"","format":"standard","meta":{"_crdt_document":"","footnotes":""},"categories":[5],"tags":[],"class_list":["post-76489","post","type-post","status-publish","format-standard","has-post-thumbnail","hentry","category-asayis"],"_links":{"self":[{"href":"https:\/\/www.egemtv.com\/index.php?rest_route=\/wp\/v2\/posts\/76489","targetHints":{"allow":["GET"]}}],"collection":[{"href":"https:\/\/www.egemtv.com\/index.php?rest_route=\/wp\/v2\/posts"}],"about":[{"href":"https:\/\/www.egemtv.com\/index.php?rest_route=\/wp\/v2\/types\/post"}],"author":[{"embeddable":true,"href":"https:\/\/www.egemtv.com\/index.php?rest_route=\/wp\/v2\/users\/1"}],"replies":[{"embeddable":true,"href":"https:\/\/www.egemtv.com\/index.php?rest_route=%2Fwp%2Fv2%2Fcomments&post=76489"}],"version-history":[{"count":1,"href":"https:\/\/www.egemtv.com\/index.php?rest_route=\/wp\/v2\/posts\/76489\/revisions"}],"predecessor-version":[{"id":76491,"href":"https:\/\/www.egemtv.com\/index.php?rest_route=\/wp\/v2\/posts\/76489\/revisions\/76491"}],"wp:featuredmedia":[{"embeddable":true,"href":"https:\/\/www.egemtv.com\/index.php?rest_route=\/wp\/v2\/media\/76490"}],"wp:attachment":[{"href":"https:\/\/www.egemtv.com\/index.php?rest_route=%2Fwp%2Fv2%2Fmedia&parent=76489"}],"wp:term":[{"taxonomy":"category","embeddable":true,"href":"https:\/\/www.egemtv.com\/index.php?rest_route=%2Fwp%2Fv2%2Fcategories&post=76489"},{"taxonomy":"post_tag","embeddable":true,"href":"https:\/\/www.egemtv.com\/index.php?rest_route=%2Fwp%2Fv2%2Ftags&post=76489"}],"curies":[{"name":"wp","href":"https:\/\/api.w.org\/{rel}","templated":true}]}}