{"id":76486,"date":"2025-12-25T10:54:55","date_gmt":"2025-12-25T07:54:55","guid":{"rendered":"https:\/\/www.egemtv.com\/?p=76486"},"modified":"2025-12-25T10:54:56","modified_gmt":"2025-12-25T07:54:56","slug":"sarigolde-asirlik-gelenek-yasatiliyor","status":"publish","type":"post","link":"https:\/\/www.egemtv.com\/?p=76486","title":{"rendered":"Sar\u0131g\u00f6l\u2019de as\u0131rl\u0131k gelenek ya\u015fat\u0131l\u0131yor"},"content":{"rendered":"<p>Sar\u0131g\u00f6l\u2019\u00fcn \u00c7avu\u015flar Mahallesi\u2019nde as\u0131rlard\u0131r s\u00fcrd\u00fcr\u00fclen gelenek kapsam\u0131nda, Ramazan ve Kurban Bayramlar\u0131\u2019n\u0131n arife g\u00fcnleri ile \u00fc\u00e7 aylar\u0131n ba\u015flang\u0131c\u0131nda olmak \u00fczere y\u0131lda \u00fc\u00e7 kez sabah namaz\u0131n\u0131n ard\u0131ndan \u00e7ocuklara tatl\u0131 ikram edilerek y\u00fczler g\u00fcld\u00fcr\u00fcl\u00fcyor.<br \/>\n<br \/>Manisa\u2019n\u0131n Sar\u0131g\u00f6l il\u00e7esine ba\u011fl\u0131 \u00c7avu\u015flar Mahallesi\u2019nde as\u0131rlard\u0131r s\u00fcrd\u00fcr\u00fclen gelenek kapsam\u0131nda, y\u0131lda \u00fc\u00e7 kez sabah namaz\u0131n\u0131n ard\u0131ndan \u00e7ocuklara \u015feker, pasta, kurabiye, lokum ve pamuk \u015feker gibi ikramlar da\u011f\u0131t\u0131l\u0131yor. Ramazan ve Kurban Bayramlar\u0131\u2019n\u0131n arife g\u00fcnleri ile \u00fc\u00e7 aylar\u0131n ba\u015flang\u0131c\u0131nda ger\u00e7ekle\u015ftirilen bu anlaml\u0131 gelenek, g\u00fcn\u00fcm\u00fczde de ayn\u0131 heyecanla ya\u015fat\u0131l\u0131yor.<br \/>\n<br \/>\u00c7avu\u015flar Mahallesi\u2019nde sabah namaz\u0131n\u0131n bitimiyle birlikte cami \u00f6n\u00fcnde toplanan \u00e7ocuklar, s\u0131raya girerek b\u00fcy\u00fcklerin verdi\u011fi tatl\u0131lar\u0131 al\u0131yor. Mahalle sakinleri, gelene\u011fin y\u0131lda \u00fc\u00e7 kez d\u00fczenli olarak s\u00fcrd\u00fcr\u00fcld\u00fc\u011f\u00fcn\u00fc belirterek, bu k\u00fclt\u00fcr\u00fc ya\u015fatmaktan mutluluk duyduklar\u0131n\u0131 ifade etti.<br \/>\n<br \/>Mahalle sakinleri, &#8220;Ramazan ve Kurban Bayramlar\u0131\u2019n\u0131n arife g\u00fcnlerinde ve \u00fc\u00e7 aylar\u0131n ba\u015flang\u0131c\u0131nda \u00e7ocuklar\u0131m\u0131z\u0131 sevindiriyoruz. Bu gelenek bizim i\u00e7in \u00e7ok k\u0131ymetli ve gelecek nesillere aktar\u0131lmas\u0131n\u0131 istiyoruz&#8221; dedi.<br \/>\n<br \/>Sabah namaz\u0131 \u00e7\u0131k\u0131\u015f\u0131nda ikramlar\u0131n\u0131 alan \u00e7ocuklar, b\u00fcy\u00fcklerine te\u015fekk\u00fcr ederek evlerine d\u00f6nerken, mahallede bayram havas\u0131 ya\u015fand\u0131. \u00c7avu\u015flar Mahallesi\u2019nde nesilden nesile aktar\u0131lan bu gelenek, birlik ve beraberli\u011fin g\u00fczel bir \u00f6rne\u011fi olarak dikkat \u00e7ekiyor.<br \/><\/p>\n","protected":false},"excerpt":{"rendered":"<p>Sar\u0131g\u00f6l\u2019\u00fcn \u00c7avu\u015flar Mahallesi\u2019nde as\u0131rlard\u0131r s\u00fcrd\u00fcr\u00fclen gelenek kapsam\u0131nda, Ramazan ve Kurban Bayramlar\u0131\u2019n\u0131n arife g\u00fcnleri ile \u00fc\u00e7 aylar\u0131n ba\u015flang\u0131c\u0131nda olmak \u00fczere y\u0131lda \u00fc\u00e7 kez sabah namaz\u0131n\u0131n ard\u0131ndan \u00e7ocuklara tatl\u0131 ikram edilerek y\u00fczler g\u00fcld\u00fcr\u00fcl\u00fcyor. Manisa\u2019n\u0131n Sar\u0131g\u00f6l il\u00e7esine ba\u011fl\u0131 \u00c7avu\u015flar Mahallesi\u2019nde as\u0131rlard\u0131r s\u00fcrd\u00fcr\u00fclen gelenek kapsam\u0131nda, y\u0131lda \u00fc\u00e7 kez sabah namaz\u0131n\u0131n ard\u0131ndan \u00e7ocuklara \u015feker, pasta, kurabiye, lokum ve pamuk \u015feker&#8230;<\/p>\n","protected":false},"author":1,"featured_media":76487,"comment_status":"open","ping_status":"open","sticky":false,"template":"","format":"standard","meta":{"_crdt_document":"","footnotes":""},"categories":[1],"tags":[],"class_list":["post-76486","post","type-post","status-publish","format-standard","has-post-thumbnail","hentry","category-guncel"],"_links":{"self":[{"href":"https:\/\/www.egemtv.com\/index.php?rest_route=\/wp\/v2\/posts\/76486","targetHints":{"allow":["GET"]}}],"collection":[{"href":"https:\/\/www.egemtv.com\/index.php?rest_route=\/wp\/v2\/posts"}],"about":[{"href":"https:\/\/www.egemtv.com\/index.php?rest_route=\/wp\/v2\/types\/post"}],"author":[{"embeddable":true,"href":"https:\/\/www.egemtv.com\/index.php?rest_route=\/wp\/v2\/users\/1"}],"replies":[{"embeddable":true,"href":"https:\/\/www.egemtv.com\/index.php?rest_route=%2Fwp%2Fv2%2Fcomments&post=76486"}],"version-history":[{"count":1,"href":"https:\/\/www.egemtv.com\/index.php?rest_route=\/wp\/v2\/posts\/76486\/revisions"}],"predecessor-version":[{"id":76488,"href":"https:\/\/www.egemtv.com\/index.php?rest_route=\/wp\/v2\/posts\/76486\/revisions\/76488"}],"wp:featuredmedia":[{"embeddable":true,"href":"https:\/\/www.egemtv.com\/index.php?rest_route=\/wp\/v2\/media\/76487"}],"wp:attachment":[{"href":"https:\/\/www.egemtv.com\/index.php?rest_route=%2Fwp%2Fv2%2Fmedia&parent=76486"}],"wp:term":[{"taxonomy":"category","embeddable":true,"href":"https:\/\/www.egemtv.com\/index.php?rest_route=%2Fwp%2Fv2%2Fcategories&post=76486"},{"taxonomy":"post_tag","embeddable":true,"href":"https:\/\/www.egemtv.com\/index.php?rest_route=%2Fwp%2Fv2%2Ftags&post=76486"}],"curies":[{"name":"wp","href":"https:\/\/api.w.org\/{rel}","templated":true}]}}