{"id":76483,"date":"2025-12-25T10:54:55","date_gmt":"2025-12-25T07:54:55","guid":{"rendered":"https:\/\/www.egemtv.com\/?p=76483"},"modified":"2025-12-25T10:54:55","modified_gmt":"2025-12-25T07:54:55","slug":"koycegiz-kaymakami-kumcu-zaferler-mahallesinde-halki-dinledi","status":"publish","type":"post","link":"https:\/\/www.egemtv.com\/?p=76483","title":{"rendered":"K\u00f6yce\u011fiz Kaymakam\u0131 Kumcu, Zaferler Mahallesi\u2019nde halk\u0131 dinledi"},"content":{"rendered":"<p>Mu\u011fla\u2019n\u0131n K\u00f6yce\u011fiz il\u00e7esinde Kaymakam Mert Kumcu mahalle ziyaretleri kapsam\u0131nda Zaferler Mahallesi\u2019nde ikamet eden vatanda\u015flarla bulu\u015ftu.<\/p>\n<p>K\u00f6yce\u011fiz Kaymakam\u0131 Mert Kumcu, ilgili kurum amirleri ile birlikte Zaferler Mahallesi\u2019nde vatanda\u015flar ile bir araya gelerek sorun ve taleplerini dinledi. \u0130lgili kurum amirleri vatanda\u015flar\u0131n sorun ve taleplerini tek tek not ald\u0131. Kaymakam Mert Kumcu sorunlar\u0131n \u00e7\u00f6z\u00fclmesi noktas\u0131nda gere\u011finin yap\u0131lmas\u0131 i\u00e7in \u00e7al\u0131\u015facaklar\u0131n\u0131 belirtti. Vatanda\u015flar Kaymakam Kumcu\u2019ya ziyareti ve g\u00f6sterdi\u011fi ilgi nedeniyle te\u015fekk\u00fcr etti. Kaymakam Mert Kumcu, Zaferler Mahallesi\u2019nde bulunan Anas\u0131n\u0131f\u0131n\u0131, \u0130lkokulu ve Ortaokulu ziyaret ederek \u00f6\u011fretmen ve \u00f6\u011frencilerle bir araya geldi. Okul m\u00fcd\u00fcr\u00fc ve \u00f6\u011fretmenlerden e\u011fitim-\u00f6\u011fretim faaliyetleri ile ilgili bilgi alan Kaymakam Kumcu, ba\u015far\u0131 dile\u011finde bulundu. Kaymakam Kumcu, kurum amirleri ile birlikte Zaferler Mahallesi\u2019nde ikamet eden Gazi Mustafa Yerlikaya ve K\u0131br\u0131s Gazisi Mehmet Do\u011fan\u2019\u0131 ziyaret ederek sorun ve taleplerini dinledi.<br \/><\/p>\n","protected":false},"excerpt":{"rendered":"<p>Mu\u011fla\u2019n\u0131n K\u00f6yce\u011fiz il\u00e7esinde Kaymakam Mert Kumcu mahalle ziyaretleri kapsam\u0131nda Zaferler Mahallesi\u2019nde ikamet eden vatanda\u015flarla bulu\u015ftu. K\u00f6yce\u011fiz Kaymakam\u0131 Mert Kumcu, ilgili kurum amirleri ile birlikte Zaferler Mahallesi\u2019nde vatanda\u015flar ile bir araya gelerek sorun ve taleplerini dinledi. \u0130lgili kurum amirleri vatanda\u015flar\u0131n sorun ve taleplerini tek tek not ald\u0131. Kaymakam Mert Kumcu sorunlar\u0131n \u00e7\u00f6z\u00fclmesi noktas\u0131nda gere\u011finin yap\u0131lmas\u0131 i\u00e7in&#8230;<\/p>\n","protected":false},"author":1,"featured_media":76484,"comment_status":"open","ping_status":"open","sticky":false,"template":"","format":"standard","meta":{"_crdt_document":"","footnotes":""},"categories":[1],"tags":[],"class_list":["post-76483","post","type-post","status-publish","format-standard","has-post-thumbnail","hentry","category-guncel"],"_links":{"self":[{"href":"https:\/\/www.egemtv.com\/index.php?rest_route=\/wp\/v2\/posts\/76483","targetHints":{"allow":["GET"]}}],"collection":[{"href":"https:\/\/www.egemtv.com\/index.php?rest_route=\/wp\/v2\/posts"}],"about":[{"href":"https:\/\/www.egemtv.com\/index.php?rest_route=\/wp\/v2\/types\/post"}],"author":[{"embeddable":true,"href":"https:\/\/www.egemtv.com\/index.php?rest_route=\/wp\/v2\/users\/1"}],"replies":[{"embeddable":true,"href":"https:\/\/www.egemtv.com\/index.php?rest_route=%2Fwp%2Fv2%2Fcomments&post=76483"}],"version-history":[{"count":1,"href":"https:\/\/www.egemtv.com\/index.php?rest_route=\/wp\/v2\/posts\/76483\/revisions"}],"predecessor-version":[{"id":76485,"href":"https:\/\/www.egemtv.com\/index.php?rest_route=\/wp\/v2\/posts\/76483\/revisions\/76485"}],"wp:featuredmedia":[{"embeddable":true,"href":"https:\/\/www.egemtv.com\/index.php?rest_route=\/wp\/v2\/media\/76484"}],"wp:attachment":[{"href":"https:\/\/www.egemtv.com\/index.php?rest_route=%2Fwp%2Fv2%2Fmedia&parent=76483"}],"wp:term":[{"taxonomy":"category","embeddable":true,"href":"https:\/\/www.egemtv.com\/index.php?rest_route=%2Fwp%2Fv2%2Fcategories&post=76483"},{"taxonomy":"post_tag","embeddable":true,"href":"https:\/\/www.egemtv.com\/index.php?rest_route=%2Fwp%2Fv2%2Ftags&post=76483"}],"curies":[{"name":"wp","href":"https:\/\/api.w.org\/{rel}","templated":true}]}}