{"id":76480,"date":"2025-12-25T10:54:54","date_gmt":"2025-12-25T07:54:54","guid":{"rendered":"https:\/\/www.egemtv.com\/?p=76480"},"modified":"2025-12-25T10:54:54","modified_gmt":"2025-12-25T07:54:54","slug":"kizilcapinar-camiinin-cevre-duzenlemesi-tamamlandi","status":"publish","type":"post","link":"https:\/\/www.egemtv.com\/?p=76480","title":{"rendered":"K\u0131z\u0131lcap\u0131nar Camii\u2019nin \u00e7evre d\u00fczenlemesi tamamland\u0131"},"content":{"rendered":"<p>Ayd\u0131n\u2019\u0131n Germencik il\u00e7esi K\u0131z\u0131lcap\u0131nar Camii\u2019nin \u00e7evre d\u00fczenleme \u00e7al\u0131\u015fmalar\u0131 tamamland\u0131. \u0130l\u00e7e m\u00fcft\u00fcl\u00fc\u011f\u00fc ve vatanda\u015flar\u0131n katk\u0131lar\u0131yla ger\u00e7ekle\u015ftirilen \u00e7al\u0131\u015fmalar sonucunda cami \u00e7evresi daha d\u00fczenli ve estetik bir g\u00f6r\u00fcn\u00fcme kavu\u015ftu.<\/p>\n<p>Germencik\u2019teki K\u0131z\u0131lcap\u0131nar Camii \u00e7evresinde y\u00fcr\u00fct\u00fclen bah\u00e7e d\u00fczenleme \u00e7al\u0131\u015fmalar\u0131 tamamlan\u0131rken, ortaya \u00e7\u0131kan g\u00f6r\u00fcnt\u00fc cami \u00e7evresine ayr\u0131 bir g\u00fczellik katt\u0131. Germencik M\u00fcft\u00fcl\u00fc\u011f\u00fc taraf\u0131ndan yap\u0131lan a\u00e7\u0131klamada, s\u00f6z konusu \u00e7al\u0131\u015fmalar\u0131n il\u00e7e m\u00fcft\u00fcl\u00fc\u011f\u00fcn\u00fcn koordinasyonunda ve vatanda\u015flar\u0131n destekleriyle hayata ge\u00e7irildi\u011fi ifade edilirken, imece usul\u00fcyle ger\u00e7ekle\u015ftirilen \u00e7evre d\u00fczenlemesinin birlik ve beraberlik \u00f6rne\u011fi sergiledi\u011fi vurguland\u0131. \u00d6te yandan \u00e7al\u0131\u015fmalara katk\u0131 sunan vatanda\u015flara te\u015fekk\u00fcr edilirken, dayan\u0131\u015fma k\u00fclt\u00fcr\u00fcyle tamamlanan d\u00fczenleme \u00e7al\u0131\u015fmas\u0131n\u0131n cami \u00e7evresinin hem daha d\u00fczenli hem de daha kullan\u0131\u015fl\u0131 hale gelmesini sa\u011flad\u0131\u011f\u0131 kaydedildi.<br \/><\/p>\n","protected":false},"excerpt":{"rendered":"<p>Ayd\u0131n\u2019\u0131n Germencik il\u00e7esi K\u0131z\u0131lcap\u0131nar Camii\u2019nin \u00e7evre d\u00fczenleme \u00e7al\u0131\u015fmalar\u0131 tamamland\u0131. \u0130l\u00e7e m\u00fcft\u00fcl\u00fc\u011f\u00fc ve vatanda\u015flar\u0131n katk\u0131lar\u0131yla ger\u00e7ekle\u015ftirilen \u00e7al\u0131\u015fmalar sonucunda cami \u00e7evresi daha d\u00fczenli ve estetik bir g\u00f6r\u00fcn\u00fcme kavu\u015ftu. Germencik\u2019teki K\u0131z\u0131lcap\u0131nar Camii \u00e7evresinde y\u00fcr\u00fct\u00fclen bah\u00e7e d\u00fczenleme \u00e7al\u0131\u015fmalar\u0131 tamamlan\u0131rken, ortaya \u00e7\u0131kan g\u00f6r\u00fcnt\u00fc cami \u00e7evresine ayr\u0131 bir g\u00fczellik katt\u0131. Germencik M\u00fcft\u00fcl\u00fc\u011f\u00fc taraf\u0131ndan yap\u0131lan a\u00e7\u0131klamada, s\u00f6z konusu \u00e7al\u0131\u015fmalar\u0131n il\u00e7e m\u00fcft\u00fcl\u00fc\u011f\u00fcn\u00fcn koordinasyonunda&#8230;<\/p>\n","protected":false},"author":1,"featured_media":76481,"comment_status":"open","ping_status":"open","sticky":false,"template":"","format":"standard","meta":{"_crdt_document":"","footnotes":""},"categories":[1],"tags":[],"class_list":["post-76480","post","type-post","status-publish","format-standard","has-post-thumbnail","hentry","category-guncel"],"_links":{"self":[{"href":"https:\/\/www.egemtv.com\/index.php?rest_route=\/wp\/v2\/posts\/76480","targetHints":{"allow":["GET"]}}],"collection":[{"href":"https:\/\/www.egemtv.com\/index.php?rest_route=\/wp\/v2\/posts"}],"about":[{"href":"https:\/\/www.egemtv.com\/index.php?rest_route=\/wp\/v2\/types\/post"}],"author":[{"embeddable":true,"href":"https:\/\/www.egemtv.com\/index.php?rest_route=\/wp\/v2\/users\/1"}],"replies":[{"embeddable":true,"href":"https:\/\/www.egemtv.com\/index.php?rest_route=%2Fwp%2Fv2%2Fcomments&post=76480"}],"version-history":[{"count":1,"href":"https:\/\/www.egemtv.com\/index.php?rest_route=\/wp\/v2\/posts\/76480\/revisions"}],"predecessor-version":[{"id":76482,"href":"https:\/\/www.egemtv.com\/index.php?rest_route=\/wp\/v2\/posts\/76480\/revisions\/76482"}],"wp:featuredmedia":[{"embeddable":true,"href":"https:\/\/www.egemtv.com\/index.php?rest_route=\/wp\/v2\/media\/76481"}],"wp:attachment":[{"href":"https:\/\/www.egemtv.com\/index.php?rest_route=%2Fwp%2Fv2%2Fmedia&parent=76480"}],"wp:term":[{"taxonomy":"category","embeddable":true,"href":"https:\/\/www.egemtv.com\/index.php?rest_route=%2Fwp%2Fv2%2Fcategories&post=76480"},{"taxonomy":"post_tag","embeddable":true,"href":"https:\/\/www.egemtv.com\/index.php?rest_route=%2Fwp%2Fv2%2Ftags&post=76480"}],"curies":[{"name":"wp","href":"https:\/\/api.w.org\/{rel}","templated":true}]}}