{"id":76477,"date":"2025-12-25T10:34:55","date_gmt":"2025-12-25T07:34:55","guid":{"rendered":"https:\/\/www.egemtv.com\/?p=76477"},"modified":"2025-12-25T10:34:55","modified_gmt":"2025-12-25T07:34:55","slug":"tarihi-kemeralti-carsisinda-yilbasi-yogunlugu","status":"publish","type":"post","link":"https:\/\/www.egemtv.com\/?p=76477","title":{"rendered":"Tarihi Kemeralt\u0131 \u00c7ar\u015f\u0131s\u0131\u2019nda y\u0131lba\u015f\u0131 yo\u011funlu\u011fu"},"content":{"rendered":"<p>\u0130zmir\u2019in Tarihi Kemeralt\u0131 \u00c7ar\u015f\u0131s\u0131\u2019nda yeni y\u0131l \u00f6ncesi al\u0131\u015fveri\u015f yo\u011funlu\u011fu ya\u015fan\u0131yor. Vatanda\u015flar s\u00fcsleme malzemeleri, kuruyemi\u015f, hediyelik e\u015fya ve giyim \u00fcr\u00fcnleri almak i\u00e7in \u00e7ar\u015f\u0131ya gelirken, esnaf artan talebi kar\u015f\u0131lamak i\u00e7in mesai yap\u0131yor.<br \/>\n<br \/>2026\u2019ya say\u0131l\u0131 g\u00fcnler kala, \u0130zmir\u2019deki tarihi Kemeralt\u0131 \u00c7ar\u015f\u0131s\u0131\u2019nda yo\u011funluk artmaya ba\u015flad\u0131. Yeni y\u0131l haz\u0131rl\u0131klar\u0131 i\u00e7in \u00e7ar\u015f\u0131ya gelen vatanda\u015flar, ana caddelerde ve giri\u015f noktalar\u0131nda kalabal\u0131k olu\u015fturdu. \u00c7ar\u015f\u0131daki d\u00fckkanlarda y\u0131lba\u015f\u0131 a\u011fa\u00e7lar\u0131, s\u00fcslemeler ve \u0131\u015f\u0131kland\u0131rmalar \u00f6n plana \u00e7\u0131karken; vatanda\u015flar\u0131n dekoratif \u00fcr\u00fcnler, hediyelik e\u015fyalar ve tekstil \u00fcr\u00fcnlerine ilgi g\u00f6sterdi\u011fi g\u00f6r\u00fcld\u00fc. Al\u0131\u015fveri\u015f hareketlili\u011fi g\u0131da sekt\u00f6r\u00fcne de yans\u0131d\u0131. \u00d6zellikle tarihi Havra Soka\u011f\u0131 ve \u00e7evresindeki kuruyemi\u015f\u00e7i, kahveci ve \u015fekerlemecilerde yo\u011funluk g\u00f6zlendi. Y\u0131lba\u015f\u0131 gecesi i\u00e7in haz\u0131rl\u0131k yapan vatanda\u015flar, geleneksel ikraml\u0131klar i\u00e7in b\u00f6lgedeki d\u00fckkanlar\u0131 tercih etti. \u00c7ar\u015f\u0131 esnaf\u0131, Kemeralt\u0131\u2019ndaki bu hareketlili\u011fin 31 Aral\u0131k tarihine kadar artarak devam etmesini beklediklerini ifade etti.<\/p>\n<p>Vatanda\u015flar Tarihi Kemeralt\u0131 \u00c7ar\u015f\u0131s\u0131\u2019n\u0131 tercih etti<br \/>\n<br \/>Y\u0131lba\u015f\u0131 haz\u0131rl\u0131klar\u0131 i\u00e7in Tarihi Kemeralt\u0131 \u00c7ar\u015f\u0131s\u0131\u2019na geldiklerini ifade eden Seda Ulu, &#8220;Yeni y\u0131l \u00f6ncesinde han\u0131n g\u00fczel ve tarihi atmosferini ya\u015famak, kahve i\u00e7mek ve al\u0131\u015fveri\u015f yapmak i\u00e7in buraya geldik. Yeni y\u0131l\u0131 nerede ge\u00e7irece\u011fimize gelince; evde mi yoksa tatilde mi olaca\u011f\u0131 konusunda, \u00e7al\u0131\u015farak ge\u00e7irece\u011fiz diyebilirim. Y\u0131lba\u015f\u0131 i\u00e7in birbirimize hediyeler ald\u0131k; daha \u00e7ok evdeki eksiklerimizi tamamlad\u0131k, neye ihtiyac\u0131m\u0131z varsa onlar\u0131 temin ettik. 2026\u2019n\u0131n \u00fclkemiz i\u00e7in bar\u0131\u015f, huzur ve g\u00fczelliklerle, g\u00fczel bir enerjiyle gelmesini istiyoruz \u00e7\u00fcnk\u00fc hem \u00fclkece hem de d\u00fcnyaca \u00e7ok fazla olumsuzluk ya\u015f\u0131yoruz; bu y\u00fczden umutla, daha g\u00fczel bir y\u0131l diliyorum&#8221; dedi.<\/p>\n<p>Esnaf hareketlilikten memnun<br \/>\n<br \/>Tarihi Kemeralt\u0131 \u00c7ar\u015f\u0131s\u0131\u2019nda bir \u00e7antac\u0131da sat\u0131\u015f dan\u0131\u015fmanl\u0131\u011f\u0131 yapan C\u00fcneyd Akdo\u011fan, &#8220;Y\u0131l\u0131n son g\u00fcnlerine do\u011fru Kemeralt\u0131\u2019nda kalabal\u0131k olduk\u00e7a artt\u0131 ve buna paralel olarak bizde de nakdi bir y\u00fckseli\u015f var, bundan memnunuz; Kemeralt\u0131\u2019n\u0131n durumu ger\u00e7ekten \u00e7ok g\u00fczel, ortam c\u0131v\u0131l c\u0131v\u0131l, herkes canl\u0131l\u0131k i\u00e7inde. Kar\u015f\u0131da y\u0131lba\u015f\u0131 i\u00e7in bir stand var ve oradan baya\u011f\u0131 y\u0131lba\u015f\u0131 malzemesi al\u0131yorlar; yan tarafta ise tak\u0131 ve aksesuarlar hediyele\u015fme amac\u0131yla yo\u011fun ilgi g\u00f6r\u00fcyor, yahut bizden \u00e7anta al\u0131yorlar. Yeni y\u0131lda, 2026\u2019da b\u00fcy\u00fcklerime sa\u011fl\u0131k, k\u00fc\u00e7\u00fcklerime sevgi ve selamlar\u0131m\u0131 iletir, tekrar b\u00fcy\u00fcklerime esenlik dilerim. Yeni y\u0131l\u0131n herkese mutluluk, huzur, sevgi, sayg\u0131 ve bar\u0131\u015f i\u00e7inde bir y\u0131l olmas\u0131 dile\u011fiyle \u015fimdiden yeni y\u0131l\u0131n\u0131z\u0131 kutlar\u0131m.<br \/><\/p>\n","protected":false},"excerpt":{"rendered":"<p>\u0130zmir\u2019in Tarihi Kemeralt\u0131 \u00c7ar\u015f\u0131s\u0131\u2019nda yeni y\u0131l \u00f6ncesi al\u0131\u015fveri\u015f yo\u011funlu\u011fu ya\u015fan\u0131yor. Vatanda\u015flar s\u00fcsleme malzemeleri, kuruyemi\u015f, hediyelik e\u015fya ve giyim \u00fcr\u00fcnleri almak i\u00e7in \u00e7ar\u015f\u0131ya gelirken, esnaf artan talebi kar\u015f\u0131lamak i\u00e7in mesai yap\u0131yor. 2026\u2019ya say\u0131l\u0131 g\u00fcnler kala, \u0130zmir\u2019deki tarihi Kemeralt\u0131 \u00c7ar\u015f\u0131s\u0131\u2019nda yo\u011funluk artmaya ba\u015flad\u0131. Yeni y\u0131l haz\u0131rl\u0131klar\u0131 i\u00e7in \u00e7ar\u015f\u0131ya gelen vatanda\u015flar, ana caddelerde ve giri\u015f noktalar\u0131nda kalabal\u0131k olu\u015fturdu&#8230;.<\/p>\n","protected":false},"author":1,"featured_media":76478,"comment_status":"open","ping_status":"open","sticky":false,"template":"","format":"standard","meta":{"_crdt_document":"","footnotes":""},"categories":[123],"tags":[],"class_list":["post-76477","post","type-post","status-publish","format-standard","has-post-thumbnail","hentry","category-gundem"],"_links":{"self":[{"href":"https:\/\/www.egemtv.com\/index.php?rest_route=\/wp\/v2\/posts\/76477","targetHints":{"allow":["GET"]}}],"collection":[{"href":"https:\/\/www.egemtv.com\/index.php?rest_route=\/wp\/v2\/posts"}],"about":[{"href":"https:\/\/www.egemtv.com\/index.php?rest_route=\/wp\/v2\/types\/post"}],"author":[{"embeddable":true,"href":"https:\/\/www.egemtv.com\/index.php?rest_route=\/wp\/v2\/users\/1"}],"replies":[{"embeddable":true,"href":"https:\/\/www.egemtv.com\/index.php?rest_route=%2Fwp%2Fv2%2Fcomments&post=76477"}],"version-history":[{"count":1,"href":"https:\/\/www.egemtv.com\/index.php?rest_route=\/wp\/v2\/posts\/76477\/revisions"}],"predecessor-version":[{"id":76479,"href":"https:\/\/www.egemtv.com\/index.php?rest_route=\/wp\/v2\/posts\/76477\/revisions\/76479"}],"wp:featuredmedia":[{"embeddable":true,"href":"https:\/\/www.egemtv.com\/index.php?rest_route=\/wp\/v2\/media\/76478"}],"wp:attachment":[{"href":"https:\/\/www.egemtv.com\/index.php?rest_route=%2Fwp%2Fv2%2Fmedia&parent=76477"}],"wp:term":[{"taxonomy":"category","embeddable":true,"href":"https:\/\/www.egemtv.com\/index.php?rest_route=%2Fwp%2Fv2%2Fcategories&post=76477"},{"taxonomy":"post_tag","embeddable":true,"href":"https:\/\/www.egemtv.com\/index.php?rest_route=%2Fwp%2Fv2%2Ftags&post=76477"}],"curies":[{"name":"wp","href":"https:\/\/api.w.org\/{rel}","templated":true}]}}