{"id":76474,"date":"2025-12-25T10:34:52","date_gmt":"2025-12-25T07:34:52","guid":{"rendered":"https:\/\/www.egemtv.com\/?p=76474"},"modified":"2025-12-25T10:34:55","modified_gmt":"2025-12-25T07:34:55","slug":"hz-mevlana-752-vuslat-yil-donumunde-ege-universitesinde-anildi","status":"publish","type":"post","link":"https:\/\/www.egemtv.com\/?p=76474","title":{"rendered":"Hz. Mevlana 752. vuslat y\u0131l d\u00f6n\u00fcm\u00fcnde Ege \u00dcniversitesinde an\u0131ld\u0131"},"content":{"rendered":"<p>Ege \u00dcniversitesi (E\u00dc) Devlet T\u00fcrk Musik\u00eesi Konservatuvar\u0131 taraf\u0131ndan &#8220;Hz. Mevl\u00e2n\u00e2\u2019n\u0131n 752. Vuslat Y\u0131ld\u00f6n\u00fcm\u00fc Anma Program\u0131-Acema\u015f\u00eer\u00e2n Mevlev\u00ee \u00c2yini ve Sem\u00e2 Muk\u00e2belesi&#8221; ger\u00e7ekle\u015ftirildi.<br \/>\n<br \/>E\u00dc Atat\u00fcrk K\u00fclt\u00fcr Merkezi Yunus Emre Salonunda, Koordinat\u00f6rl\u00fc\u011f\u00fcn\u00fc \u00d6\u011fr. G\u00f6r. Ka\u015fif Demir\u00f6z ve \u00d6\u011fr. G\u00f6r. Halil \u0130brahim Y\u00fcksel\u2019in \u00fcstlendi\u011fi, Genel Sanat Y\u00f6netmenli\u011fini Dr. Ufuk Demirba\u015f\u2019\u0131n y\u00fcr\u00fctt\u00fc\u011f\u00fc anma t\u00f6renine Devlet T\u00fcrk Musik\u00eesi Konservatuvar\u0131 M\u00fcd\u00fcr\u00fc Prof. Dr. Ali Maruf Alaskan, akademisyenler, \u00f6\u011frenciler ve sanatseverler kat\u0131ld\u0131.<br \/>\n<br \/>Konservatuvar M\u00fcd\u00fcr\u00fc Prof. Dr. Ali Maruf Alaskan &#8220;\u0130slam tasavvuf gelene\u011finde \u2018\u015eeb-i Ar\u00fbs\u2019 (D\u00fc\u011f\u00fcn Gecesi) olarak adland\u0131r\u0131lan bu anlaml\u0131 gece; Hz. Mevl\u00e2n\u00e2\u2019n\u0131n Hakk\u2019a vuslat\u0131n\u0131, ayr\u0131l\u0131k de\u011fil kavu\u015fma ve ilahi a\u015fkla b\u00fct\u00fcnle\u015fme anlay\u0131\u015f\u0131yla ele alan derin bir manevi yolculu\u011fu temsil etmektedir. Mevlev\u00ee \u00c2yini ve Sem\u00e2 Muk\u00e2belesi e\u015fli\u011finde icra edilen programda, musik\u00ee ve hareket bir b\u00fct\u00fcn olarak insan\u0131n i\u00e7sel ar\u0131nma ve hakikate y\u00f6neli\u015f s\u00fcrecini sembolize etmi\u015ftir. Koordinat\u00f6rl\u00fc\u011f\u00fcn\u00fc Devlet T\u00fcrk Musik\u00eesi Konservatuvar\u0131m\u0131z \u00f6\u011fretim elemanlar\u0131 \u00d6\u011fr. G\u00f6r. K\u00e2\u015fif Demir\u00f6z ve \u00d6\u011fr. G\u00f6r. Halil \u0130brahim Y\u00fcksel\u2019in \u00fcstlendi\u011fi, Genel Sanat Y\u00f6netmenli\u011fini Dr. Ufuk Demirba\u015f\u2019\u0131n y\u00fcr\u00fctt\u00fc\u011f\u00fc bu anlaml\u0131 programa emek veren t\u00fcm \u00f6\u011fretim elemanlar\u0131m\u0131za, \u00f6\u011frencilerimize ve kat\u0131l\u0131mlar\u0131yla bizleri onurland\u0131ran misafirlerimize te\u015fekk\u00fcr ederiz&#8221; dedi.<br \/><\/p>\n","protected":false},"excerpt":{"rendered":"<p>Ege \u00dcniversitesi (E\u00dc) Devlet T\u00fcrk Musik\u00eesi Konservatuvar\u0131 taraf\u0131ndan &#8220;Hz. Mevl\u00e2n\u00e2\u2019n\u0131n 752. Vuslat Y\u0131ld\u00f6n\u00fcm\u00fc Anma Program\u0131-Acema\u015f\u00eer\u00e2n Mevlev\u00ee \u00c2yini ve Sem\u00e2 Muk\u00e2belesi&#8221; ger\u00e7ekle\u015ftirildi. E\u00dc Atat\u00fcrk K\u00fclt\u00fcr Merkezi Yunus Emre Salonunda, Koordinat\u00f6rl\u00fc\u011f\u00fcn\u00fc \u00d6\u011fr. G\u00f6r. Ka\u015fif Demir\u00f6z ve \u00d6\u011fr. G\u00f6r. Halil \u0130brahim Y\u00fcksel\u2019in \u00fcstlendi\u011fi, Genel Sanat Y\u00f6netmenli\u011fini Dr. Ufuk Demirba\u015f\u2019\u0131n y\u00fcr\u00fctt\u00fc\u011f\u00fc anma t\u00f6renine Devlet T\u00fcrk Musik\u00eesi Konservatuvar\u0131 M\u00fcd\u00fcr\u00fc Prof&#8230;.<\/p>\n","protected":false},"author":1,"featured_media":76475,"comment_status":"open","ping_status":"open","sticky":false,"template":"","format":"standard","meta":{"_crdt_document":"","footnotes":""},"categories":[1],"tags":[],"class_list":["post-76474","post","type-post","status-publish","format-standard","has-post-thumbnail","hentry","category-guncel"],"_links":{"self":[{"href":"https:\/\/www.egemtv.com\/index.php?rest_route=\/wp\/v2\/posts\/76474","targetHints":{"allow":["GET"]}}],"collection":[{"href":"https:\/\/www.egemtv.com\/index.php?rest_route=\/wp\/v2\/posts"}],"about":[{"href":"https:\/\/www.egemtv.com\/index.php?rest_route=\/wp\/v2\/types\/post"}],"author":[{"embeddable":true,"href":"https:\/\/www.egemtv.com\/index.php?rest_route=\/wp\/v2\/users\/1"}],"replies":[{"embeddable":true,"href":"https:\/\/www.egemtv.com\/index.php?rest_route=%2Fwp%2Fv2%2Fcomments&post=76474"}],"version-history":[{"count":1,"href":"https:\/\/www.egemtv.com\/index.php?rest_route=\/wp\/v2\/posts\/76474\/revisions"}],"predecessor-version":[{"id":76476,"href":"https:\/\/www.egemtv.com\/index.php?rest_route=\/wp\/v2\/posts\/76474\/revisions\/76476"}],"wp:featuredmedia":[{"embeddable":true,"href":"https:\/\/www.egemtv.com\/index.php?rest_route=\/wp\/v2\/media\/76475"}],"wp:attachment":[{"href":"https:\/\/www.egemtv.com\/index.php?rest_route=%2Fwp%2Fv2%2Fmedia&parent=76474"}],"wp:term":[{"taxonomy":"category","embeddable":true,"href":"https:\/\/www.egemtv.com\/index.php?rest_route=%2Fwp%2Fv2%2Fcategories&post=76474"},{"taxonomy":"post_tag","embeddable":true,"href":"https:\/\/www.egemtv.com\/index.php?rest_route=%2Fwp%2Fv2%2Ftags&post=76474"}],"curies":[{"name":"wp","href":"https:\/\/api.w.org\/{rel}","templated":true}]}}