{"id":76471,"date":"2025-12-25T10:14:47","date_gmt":"2025-12-25T07:14:47","guid":{"rendered":"https:\/\/www.egemtv.com\/?p=76471"},"modified":"2025-12-25T10:14:49","modified_gmt":"2025-12-25T07:14:49","slug":"baskan-ozelden-regaip-kandili-mesaji","status":"publish","type":"post","link":"https:\/\/www.egemtv.com\/?p=76471","title":{"rendered":"Ba\u015fkan \u00d6zel\u2019den Regaip Kandili mesaj\u0131"},"content":{"rendered":"<p>Bozdo\u011fan Belediye Ba\u015fkan\u0131 Mustafa Galip \u00d6zel, Regaip Kandili dolay\u0131s\u0131yla bir mesaj yay\u0131mlad\u0131.<\/p>\n<p>Ba\u015fkan \u00d6zel mesaj\u0131nda, Regaip Kandili\u2019nin rahmet, bereket ve manevi ar\u0131nma a\u00e7\u0131s\u0131ndan \u00f6nemli bir gece oldu\u011funa dikkat \u00e7ekerek \u015fu ifadelere yer verdi:<br \/>\n<br \/>&#8220;Karanl\u0131klar\u0131m\u0131z\u0131 ayd\u0131nlatan, rahmet ve bereket kap\u0131lar\u0131n\u0131 aralayan bu m\u00fcbarek gecenin; ba\u015fta hem\u015fehrilerimiz olmak \u00fczere t\u00fcm \u0130slam alemine bar\u0131\u015f, huzur ve sa\u011fl\u0131k getirmesini diliyorum. Dualar\u0131m\u0131z\u0131n kabul, g\u00f6n\u00fcllerimizin ferah oldu\u011fu bir Regaip Kandili temenni ediyorum&#8221; ifadelerini kulland\u0131.<\/p>\n<p>Ba\u015fkan \u00d6zel, Regaip Kandili\u2019nin birlik, beraberlik ve karde\u015flik duygular\u0131n\u0131n g\u00fc\u00e7lenmesine vesile olmas\u0131n\u0131 dileyerek t\u00fcm vatanda\u015flar\u0131n kandilini tebrik etti.<br \/><\/p>\n","protected":false},"excerpt":{"rendered":"<p>Bozdo\u011fan Belediye Ba\u015fkan\u0131 Mustafa Galip \u00d6zel, Regaip Kandili dolay\u0131s\u0131yla bir mesaj yay\u0131mlad\u0131. Ba\u015fkan \u00d6zel mesaj\u0131nda, Regaip Kandili\u2019nin rahmet, bereket ve manevi ar\u0131nma a\u00e7\u0131s\u0131ndan \u00f6nemli bir gece oldu\u011funa dikkat \u00e7ekerek \u015fu ifadelere yer verdi: &#8220;Karanl\u0131klar\u0131m\u0131z\u0131 ayd\u0131nlatan, rahmet ve bereket kap\u0131lar\u0131n\u0131 aralayan bu m\u00fcbarek gecenin; ba\u015fta hem\u015fehrilerimiz olmak \u00fczere t\u00fcm \u0130slam alemine bar\u0131\u015f, huzur ve sa\u011fl\u0131k getirmesini&#8230;<\/p>\n","protected":false},"author":1,"featured_media":76472,"comment_status":"open","ping_status":"open","sticky":false,"template":"","format":"standard","meta":{"_crdt_document":"","footnotes":""},"categories":[1],"tags":[],"class_list":["post-76471","post","type-post","status-publish","format-standard","has-post-thumbnail","hentry","category-guncel"],"_links":{"self":[{"href":"https:\/\/www.egemtv.com\/index.php?rest_route=\/wp\/v2\/posts\/76471","targetHints":{"allow":["GET"]}}],"collection":[{"href":"https:\/\/www.egemtv.com\/index.php?rest_route=\/wp\/v2\/posts"}],"about":[{"href":"https:\/\/www.egemtv.com\/index.php?rest_route=\/wp\/v2\/types\/post"}],"author":[{"embeddable":true,"href":"https:\/\/www.egemtv.com\/index.php?rest_route=\/wp\/v2\/users\/1"}],"replies":[{"embeddable":true,"href":"https:\/\/www.egemtv.com\/index.php?rest_route=%2Fwp%2Fv2%2Fcomments&post=76471"}],"version-history":[{"count":1,"href":"https:\/\/www.egemtv.com\/index.php?rest_route=\/wp\/v2\/posts\/76471\/revisions"}],"predecessor-version":[{"id":76473,"href":"https:\/\/www.egemtv.com\/index.php?rest_route=\/wp\/v2\/posts\/76471\/revisions\/76473"}],"wp:featuredmedia":[{"embeddable":true,"href":"https:\/\/www.egemtv.com\/index.php?rest_route=\/wp\/v2\/media\/76472"}],"wp:attachment":[{"href":"https:\/\/www.egemtv.com\/index.php?rest_route=%2Fwp%2Fv2%2Fmedia&parent=76471"}],"wp:term":[{"taxonomy":"category","embeddable":true,"href":"https:\/\/www.egemtv.com\/index.php?rest_route=%2Fwp%2Fv2%2Fcategories&post=76471"},{"taxonomy":"post_tag","embeddable":true,"href":"https:\/\/www.egemtv.com\/index.php?rest_route=%2Fwp%2Fv2%2Ftags&post=76471"}],"curies":[{"name":"wp","href":"https:\/\/api.w.org\/{rel}","templated":true}]}}