{"id":76468,"date":"2025-12-25T10:14:43","date_gmt":"2025-12-25T07:14:43","guid":{"rendered":"https:\/\/www.egemtv.com\/?p=76468"},"modified":"2025-12-25T10:14:47","modified_gmt":"2025-12-25T07:14:47","slug":"burdurda-cikan-yanginda-2-bine-yakin-saman-balyasi-zarar-gordu","status":"publish","type":"post","link":"https:\/\/www.egemtv.com\/?p=76468","title":{"rendered":"Burdur\u2019da \u00e7\u0131kan yang\u0131nda 2 bine yak\u0131n saman balyas\u0131 zarar g\u00f6rd\u00fc"},"content":{"rendered":"<p>Burdur\u2019da bir evin alt k\u0131sm\u0131nda bulunan samanl\u0131kta \u00e7\u0131kan yang\u0131n itfaiye ekiplerince uzun u\u011fra\u015flar sonucu s\u00f6nd\u00fcr\u00fcl\u00fcrken 2 bine yak\u0131n saman balyas\u0131 yang\u0131nda zarar g\u00f6rd\u00fc.<br \/>\n<br \/>Yang\u0131n, Burdur\u2019a ba\u011fl\u0131 \u0130lyas k\u00f6y\u00fcnde bulunan bir evde meydana geldi. Edinilen bilgiye g\u00f6re, D.F.\u2019ye ait evin alt taraf\u0131ndan bulunan samanl\u0131kta hen\u00fcz bilinmeyen bir sebepten yang\u0131n \u00e7\u0131kt\u0131. Alevleri g\u00f6ren ev sahibinin ihbar\u0131 \u00fczerine adrese itfaiye ve jandarma ekipleri sevk edildi. Ekipler taraf\u0131ndan yang\u0131n uzun u\u011fra\u015flar sonucu kontrol alt\u0131na al\u0131narak s\u00f6nd\u00fcr\u00fcld\u00fc. Yang\u0131nda 2 bine yak\u0131n saman balyas\u0131n\u0131n zarar g\u00f6rd\u00fc\u011f\u00fc \u00f6\u011frenilirken yang\u0131n\u0131n \u00e7\u0131k\u0131\u015f nedeni ara\u015ft\u0131r\u0131l\u0131yor.<br \/><\/p>\n","protected":false},"excerpt":{"rendered":"<p>Burdur\u2019da bir evin alt k\u0131sm\u0131nda bulunan samanl\u0131kta \u00e7\u0131kan yang\u0131n itfaiye ekiplerince uzun u\u011fra\u015flar sonucu s\u00f6nd\u00fcr\u00fcl\u00fcrken 2 bine yak\u0131n saman balyas\u0131 yang\u0131nda zarar g\u00f6rd\u00fc. Yang\u0131n, Burdur\u2019a ba\u011fl\u0131 \u0130lyas k\u00f6y\u00fcnde bulunan bir evde meydana geldi. Edinilen bilgiye g\u00f6re, D.F.\u2019ye ait evin alt taraf\u0131ndan bulunan samanl\u0131kta hen\u00fcz bilinmeyen bir sebepten yang\u0131n \u00e7\u0131kt\u0131. Alevleri g\u00f6ren ev sahibinin ihbar\u0131 \u00fczerine&#8230;<\/p>\n","protected":false},"author":1,"featured_media":76469,"comment_status":"open","ping_status":"open","sticky":false,"template":"","format":"standard","meta":{"_crdt_document":"","footnotes":""},"categories":[5],"tags":[],"class_list":["post-76468","post","type-post","status-publish","format-standard","has-post-thumbnail","hentry","category-asayis"],"_links":{"self":[{"href":"https:\/\/www.egemtv.com\/index.php?rest_route=\/wp\/v2\/posts\/76468","targetHints":{"allow":["GET"]}}],"collection":[{"href":"https:\/\/www.egemtv.com\/index.php?rest_route=\/wp\/v2\/posts"}],"about":[{"href":"https:\/\/www.egemtv.com\/index.php?rest_route=\/wp\/v2\/types\/post"}],"author":[{"embeddable":true,"href":"https:\/\/www.egemtv.com\/index.php?rest_route=\/wp\/v2\/users\/1"}],"replies":[{"embeddable":true,"href":"https:\/\/www.egemtv.com\/index.php?rest_route=%2Fwp%2Fv2%2Fcomments&post=76468"}],"version-history":[{"count":1,"href":"https:\/\/www.egemtv.com\/index.php?rest_route=\/wp\/v2\/posts\/76468\/revisions"}],"predecessor-version":[{"id":76470,"href":"https:\/\/www.egemtv.com\/index.php?rest_route=\/wp\/v2\/posts\/76468\/revisions\/76470"}],"wp:featuredmedia":[{"embeddable":true,"href":"https:\/\/www.egemtv.com\/index.php?rest_route=\/wp\/v2\/media\/76469"}],"wp:attachment":[{"href":"https:\/\/www.egemtv.com\/index.php?rest_route=%2Fwp%2Fv2%2Fmedia&parent=76468"}],"wp:term":[{"taxonomy":"category","embeddable":true,"href":"https:\/\/www.egemtv.com\/index.php?rest_route=%2Fwp%2Fv2%2Fcategories&post=76468"},{"taxonomy":"post_tag","embeddable":true,"href":"https:\/\/www.egemtv.com\/index.php?rest_route=%2Fwp%2Fv2%2Ftags&post=76468"}],"curies":[{"name":"wp","href":"https:\/\/api.w.org\/{rel}","templated":true}]}}