{"id":76465,"date":"2025-12-25T10:14:43","date_gmt":"2025-12-25T07:14:43","guid":{"rendered":"https:\/\/www.egemtv.com\/?p=76465"},"modified":"2025-12-25T10:14:43","modified_gmt":"2025-12-25T07:14:43","slug":"tamirat-icin-ciktigi-catidan-duserek-hayatini-kaybetti","status":"publish","type":"post","link":"https:\/\/www.egemtv.com\/?p=76465","title":{"rendered":"Tamirat i\u00e7in \u00e7\u0131kt\u0131\u011f\u0131 \u00e7at\u0131dan d\u00fc\u015ferek hayat\u0131n\u0131 kaybetti"},"content":{"rendered":"<p>Denizli\u2019de evinin \u00e7at\u0131s\u0131n\u0131n tamirat\u0131n\u0131 yapmak istedi\u011fi s\u0131rada bir anl\u0131k dengesini kaybederek d\u00fc\u015fen talihsiz adam hayat\u0131n\u0131 kaybetti.<br \/>\n<br \/>Olay, Merkezefendi il\u00e7esi Ya\u015filyayla Mahallesi\u2019nde meydana geldi. Edinilen bilgilere g\u00f6re, \u00d6mer Bulut, kendisine ait evin \u00e7at\u0131s\u0131na tamirat yapmak i\u00e7in \u00e7\u0131kt\u0131. \u00c7at\u0131n\u0131n tamirat\u0131 ile u\u011fra\u015fan \u00d6mer Bulut, bir anl\u0131k dengesini kaybederek metrelerce y\u00fckseklikten sert zemine d\u00fc\u015ft\u00fc. \u00d6mer Bulut\u2019un d\u00fc\u015ft\u00fc\u011f\u00fcn\u00fc fark eden aile \u00fcyeleri 112 Acil \u00c7a\u011fr\u0131 Merkezine ihbarda bulundu. \u0130hbar \u00fczerine adrese sa\u011fl\u0131k ve jandarma ekipleri sevk edildi. Sa\u011fl\u0131k ekipleri taraf\u0131ndan olay yerinde ilk m\u00fcdahalede bulunulan \u00d6mer Bulut\u2019un hayat\u0131n\u0131 kaybetti\u011fi belirlendi. Olay yerindeki incelemelerin ard\u0131ndan \u00d6mer Bulut\u2019un cans\u0131z bedeni otopsi yap\u0131lmak \u00fczere morga kald\u0131r\u0131ld\u0131. \u00d6mer Bulut\u2019un cenazesinin otopsi i\u015flemlerinin ard\u0131ndan bug\u00fcn ikindi namaz\u0131na m\u00fcteakip mahalle caminde k\u0131l\u0131nacak namaz\u0131n ard\u0131ndan Ya\u015filyayla mezarl\u0131\u011f\u0131na defin edilece\u011fi \u00f6\u011frenildi.<br \/>\n<br \/>Olayla ilgili soru\u015fturma ba\u015flat\u0131ld\u0131.<br \/><\/p>\n","protected":false},"excerpt":{"rendered":"<p>Denizli\u2019de evinin \u00e7at\u0131s\u0131n\u0131n tamirat\u0131n\u0131 yapmak istedi\u011fi s\u0131rada bir anl\u0131k dengesini kaybederek d\u00fc\u015fen talihsiz adam hayat\u0131n\u0131 kaybetti. Olay, Merkezefendi il\u00e7esi Ya\u015filyayla Mahallesi\u2019nde meydana geldi. Edinilen bilgilere g\u00f6re, \u00d6mer Bulut, kendisine ait evin \u00e7at\u0131s\u0131na tamirat yapmak i\u00e7in \u00e7\u0131kt\u0131. \u00c7at\u0131n\u0131n tamirat\u0131 ile u\u011fra\u015fan \u00d6mer Bulut, bir anl\u0131k dengesini kaybederek metrelerce y\u00fckseklikten sert zemine d\u00fc\u015ft\u00fc. \u00d6mer Bulut\u2019un d\u00fc\u015ft\u00fc\u011f\u00fcn\u00fc fark&#8230;<\/p>\n","protected":false},"author":1,"featured_media":76466,"comment_status":"open","ping_status":"open","sticky":false,"template":"","format":"standard","meta":{"_crdt_document":"","footnotes":""},"categories":[5],"tags":[],"class_list":["post-76465","post","type-post","status-publish","format-standard","has-post-thumbnail","hentry","category-asayis"],"_links":{"self":[{"href":"https:\/\/www.egemtv.com\/index.php?rest_route=\/wp\/v2\/posts\/76465","targetHints":{"allow":["GET"]}}],"collection":[{"href":"https:\/\/www.egemtv.com\/index.php?rest_route=\/wp\/v2\/posts"}],"about":[{"href":"https:\/\/www.egemtv.com\/index.php?rest_route=\/wp\/v2\/types\/post"}],"author":[{"embeddable":true,"href":"https:\/\/www.egemtv.com\/index.php?rest_route=\/wp\/v2\/users\/1"}],"replies":[{"embeddable":true,"href":"https:\/\/www.egemtv.com\/index.php?rest_route=%2Fwp%2Fv2%2Fcomments&post=76465"}],"version-history":[{"count":1,"href":"https:\/\/www.egemtv.com\/index.php?rest_route=\/wp\/v2\/posts\/76465\/revisions"}],"predecessor-version":[{"id":76467,"href":"https:\/\/www.egemtv.com\/index.php?rest_route=\/wp\/v2\/posts\/76465\/revisions\/76467"}],"wp:featuredmedia":[{"embeddable":true,"href":"https:\/\/www.egemtv.com\/index.php?rest_route=\/wp\/v2\/media\/76466"}],"wp:attachment":[{"href":"https:\/\/www.egemtv.com\/index.php?rest_route=%2Fwp%2Fv2%2Fmedia&parent=76465"}],"wp:term":[{"taxonomy":"category","embeddable":true,"href":"https:\/\/www.egemtv.com\/index.php?rest_route=%2Fwp%2Fv2%2Fcategories&post=76465"},{"taxonomy":"post_tag","embeddable":true,"href":"https:\/\/www.egemtv.com\/index.php?rest_route=%2Fwp%2Fv2%2Ftags&post=76465"}],"curies":[{"name":"wp","href":"https:\/\/api.w.org\/{rel}","templated":true}]}}