{"id":76462,"date":"2025-12-25T10:14:42","date_gmt":"2025-12-25T07:14:42","guid":{"rendered":"https:\/\/www.egemtv.com\/?p=76462"},"modified":"2025-12-25T10:14:43","modified_gmt":"2025-12-25T07:14:43","slug":"kaymakam-ates-ogrencilerin-misafiri-oldu-3","status":"publish","type":"post","link":"https:\/\/www.egemtv.com\/?p=76462","title":{"rendered":"Kaymakam Ate\u015f, \u00f6\u011frencilerin misafiri oldu"},"content":{"rendered":"<p>Sultanhisar Kaymakam\u0131 Ali Ekber Ate\u015f, \u2019Misafirim Kaymakam\u0131m\u2019 projesi kapsam\u0131nda 8. ve 12. s\u0131n\u0131f \u00f6\u011frencilerinin evlerine misafir oldu.<\/p>\n<p>Ayd\u0131n\u2019\u0131n Sultanhisar il\u00e7esinde y\u00fcr\u00fct\u00fclen \u2019Misafirim Kaymakam\u0131m\u2019 projesi kapsam\u0131nda Kaymakam Ali Ekber Ate\u015f, ortaokul ve lise \u00f6\u011frencilerinin misafiri oldu. Bu \u00e7er\u00e7evede Kaymakam Ate\u015f, sekizinci s\u0131n\u0131f \u00f6\u011frencisi Mikail Ayd\u0131n ve on ikinci s\u0131n\u0131f \u00f6\u011frencisi Kardelen Ar\u0131c\u0131\u2019n\u0131n evlerine misafir oldu. Ziyarette \u00f6\u011frenciler ile sohbet edip, tecr\u00fcbelerini payla\u015fan Kaymakam Ate\u015f, ayr\u0131ca e\u011fitim hayatlar\u0131yla ilgili tavsiyelerde bulundu. Samimi bir ortamda ge\u00e7en ziyaret ile duydu\u011fu memnuniyeti dile getiren Kaymakam Ate\u015f, \u00f6\u011frencilerin ailelerine de misafirperverlikleri i\u00e7in te\u015fekk\u00fcr etti.<\/p>\n<p>Konu ile ilgili Sultanhisar Kaymakaml\u0131\u011f\u0131\u2019ndan yap\u0131lan payla\u015f\u0131mda &#8220;Kaymakam\u0131m\u0131z Ali Ekber Ate\u015f, \u0130l\u00e7e Milli E\u011fitim M\u00fcd\u00fcr\u00fcm\u00fcz Erdin\u00e7 G\u00fcner ve \u00f6\u011fretmenlerimizin kat\u0131l\u0131mlar\u0131yla, Misafirim Kaymakam\u0131m projesi kapsam\u0131nda \u00f6\u011frencilerimiz Mikail Ayd\u0131n ve Kardelen Ar\u0131c\u0131\u2019n\u0131n ailelerine ziyaret ger\u00e7ekle\u015ftirildi. \u00d6\u011frenciler ile yak\u0131ndan ilgilenen kaymakam\u0131m\u0131z, \u00f6\u011frencilerimizle sohbet ederek hedeflerini dinledi ve e\u011fitim-\u00f6\u011fretim hayatlar\u0131nda ba\u015far\u0131lar diledi&#8221; ifadeleri yer ald\u0131.<br \/><\/p>\n","protected":false},"excerpt":{"rendered":"<p>Sultanhisar Kaymakam\u0131 Ali Ekber Ate\u015f, \u2019Misafirim Kaymakam\u0131m\u2019 projesi kapsam\u0131nda 8. ve 12. s\u0131n\u0131f \u00f6\u011frencilerinin evlerine misafir oldu. Ayd\u0131n\u2019\u0131n Sultanhisar il\u00e7esinde y\u00fcr\u00fct\u00fclen \u2019Misafirim Kaymakam\u0131m\u2019 projesi kapsam\u0131nda Kaymakam Ali Ekber Ate\u015f, ortaokul ve lise \u00f6\u011frencilerinin misafiri oldu. Bu \u00e7er\u00e7evede Kaymakam Ate\u015f, sekizinci s\u0131n\u0131f \u00f6\u011frencisi Mikail Ayd\u0131n ve on ikinci s\u0131n\u0131f \u00f6\u011frencisi Kardelen Ar\u0131c\u0131\u2019n\u0131n evlerine misafir oldu. Ziyarette&#8230;<\/p>\n","protected":false},"author":1,"featured_media":76463,"comment_status":"open","ping_status":"open","sticky":false,"template":"","format":"standard","meta":{"_crdt_document":"","footnotes":""},"categories":[1],"tags":[],"class_list":["post-76462","post","type-post","status-publish","format-standard","has-post-thumbnail","hentry","category-guncel"],"_links":{"self":[{"href":"https:\/\/www.egemtv.com\/index.php?rest_route=\/wp\/v2\/posts\/76462","targetHints":{"allow":["GET"]}}],"collection":[{"href":"https:\/\/www.egemtv.com\/index.php?rest_route=\/wp\/v2\/posts"}],"about":[{"href":"https:\/\/www.egemtv.com\/index.php?rest_route=\/wp\/v2\/types\/post"}],"author":[{"embeddable":true,"href":"https:\/\/www.egemtv.com\/index.php?rest_route=\/wp\/v2\/users\/1"}],"replies":[{"embeddable":true,"href":"https:\/\/www.egemtv.com\/index.php?rest_route=%2Fwp%2Fv2%2Fcomments&post=76462"}],"version-history":[{"count":1,"href":"https:\/\/www.egemtv.com\/index.php?rest_route=\/wp\/v2\/posts\/76462\/revisions"}],"predecessor-version":[{"id":76464,"href":"https:\/\/www.egemtv.com\/index.php?rest_route=\/wp\/v2\/posts\/76462\/revisions\/76464"}],"wp:featuredmedia":[{"embeddable":true,"href":"https:\/\/www.egemtv.com\/index.php?rest_route=\/wp\/v2\/media\/76463"}],"wp:attachment":[{"href":"https:\/\/www.egemtv.com\/index.php?rest_route=%2Fwp%2Fv2%2Fmedia&parent=76462"}],"wp:term":[{"taxonomy":"category","embeddable":true,"href":"https:\/\/www.egemtv.com\/index.php?rest_route=%2Fwp%2Fv2%2Fcategories&post=76462"},{"taxonomy":"post_tag","embeddable":true,"href":"https:\/\/www.egemtv.com\/index.php?rest_route=%2Fwp%2Fv2%2Ftags&post=76462"}],"curies":[{"name":"wp","href":"https:\/\/api.w.org\/{rel}","templated":true}]}}