{"id":76459,"date":"2025-12-25T10:14:41","date_gmt":"2025-12-25T07:14:41","guid":{"rendered":"https:\/\/www.egemtv.com\/?p=76459"},"modified":"2025-12-25T10:14:42","modified_gmt":"2025-12-25T07:14:42","slug":"sanatiyla-karacasuya-deger-katan-ogrenci-plaketle-onurlandirildi","status":"publish","type":"post","link":"https:\/\/www.egemtv.com\/?p=76459","title":{"rendered":"Sanat\u0131yla Karacasu\u2019ya de\u011fer katan \u00f6\u011frenci plaketle onurland\u0131r\u0131ld\u0131"},"content":{"rendered":"<p>Ayd\u0131n\u2019\u0131n Karacasu il\u00e7esinde Kapal\u0131 Spor Salonu\u2019na yapt\u0131\u011f\u0131 \u00e7izimlerle be\u011feni toplayan Karacasu Memnune \u0130nci Meslek Y\u00fcksekokulu \u00f6\u011frencisi Arafat Ercan, Kaymakam Mehmet G\u00fcndo\u011fdu taraf\u0131ndan plaket ile onurland\u0131r\u0131ld\u0131.<\/p>\n<p>Kapal\u0131 Spor Salonu\u2019nda ger\u00e7ekle\u015ftirilen \u00e7izim \u00e7al\u0131\u015fmalar\u0131yla dikkat \u00e7eken \u00fcniversite \u00f6\u011frencisi Arafat Ercan\u2019\u0131 makam\u0131nda a\u011f\u0131rlayan Karacasu Kaymakam\u0131 Mehmet G\u00fcndo\u011fdu Ercan\u2019\u0131 yetene\u011finden dolay\u0131 tebrik ederek plaket takdim etti. Gen\u00e7lerin sanatsal ve k\u00fclt\u00fcrel alanlarda g\u00f6sterdi\u011fi ba\u015far\u0131lar\u0131n desteklenmesinin \u00f6nemine vurgu yapan Kaymakam G\u00fcndo\u011fdu, bu t\u00fcr \u00e7al\u0131\u015fmalar\u0131n hem kamu alanlar\u0131na de\u011fer katt\u0131\u011f\u0131 hem de gen\u00e7lerin motivasyonunu art\u0131rd\u0131\u011f\u0131 ifade etti.<br \/><\/p>\n","protected":false},"excerpt":{"rendered":"<p>Ayd\u0131n\u2019\u0131n Karacasu il\u00e7esinde Kapal\u0131 Spor Salonu\u2019na yapt\u0131\u011f\u0131 \u00e7izimlerle be\u011feni toplayan Karacasu Memnune \u0130nci Meslek Y\u00fcksekokulu \u00f6\u011frencisi Arafat Ercan, Kaymakam Mehmet G\u00fcndo\u011fdu taraf\u0131ndan plaket ile onurland\u0131r\u0131ld\u0131. Kapal\u0131 Spor Salonu\u2019nda ger\u00e7ekle\u015ftirilen \u00e7izim \u00e7al\u0131\u015fmalar\u0131yla dikkat \u00e7eken \u00fcniversite \u00f6\u011frencisi Arafat Ercan\u2019\u0131 makam\u0131nda a\u011f\u0131rlayan Karacasu Kaymakam\u0131 Mehmet G\u00fcndo\u011fdu Ercan\u2019\u0131 yetene\u011finden dolay\u0131 tebrik ederek plaket takdim etti. Gen\u00e7lerin sanatsal ve k\u00fclt\u00fcrel&#8230;<\/p>\n","protected":false},"author":1,"featured_media":76460,"comment_status":"open","ping_status":"open","sticky":false,"template":"","format":"standard","meta":{"_crdt_document":"","footnotes":""},"categories":[1],"tags":[],"class_list":["post-76459","post","type-post","status-publish","format-standard","has-post-thumbnail","hentry","category-guncel"],"_links":{"self":[{"href":"https:\/\/www.egemtv.com\/index.php?rest_route=\/wp\/v2\/posts\/76459","targetHints":{"allow":["GET"]}}],"collection":[{"href":"https:\/\/www.egemtv.com\/index.php?rest_route=\/wp\/v2\/posts"}],"about":[{"href":"https:\/\/www.egemtv.com\/index.php?rest_route=\/wp\/v2\/types\/post"}],"author":[{"embeddable":true,"href":"https:\/\/www.egemtv.com\/index.php?rest_route=\/wp\/v2\/users\/1"}],"replies":[{"embeddable":true,"href":"https:\/\/www.egemtv.com\/index.php?rest_route=%2Fwp%2Fv2%2Fcomments&post=76459"}],"version-history":[{"count":1,"href":"https:\/\/www.egemtv.com\/index.php?rest_route=\/wp\/v2\/posts\/76459\/revisions"}],"predecessor-version":[{"id":76461,"href":"https:\/\/www.egemtv.com\/index.php?rest_route=\/wp\/v2\/posts\/76459\/revisions\/76461"}],"wp:featuredmedia":[{"embeddable":true,"href":"https:\/\/www.egemtv.com\/index.php?rest_route=\/wp\/v2\/media\/76460"}],"wp:attachment":[{"href":"https:\/\/www.egemtv.com\/index.php?rest_route=%2Fwp%2Fv2%2Fmedia&parent=76459"}],"wp:term":[{"taxonomy":"category","embeddable":true,"href":"https:\/\/www.egemtv.com\/index.php?rest_route=%2Fwp%2Fv2%2Fcategories&post=76459"},{"taxonomy":"post_tag","embeddable":true,"href":"https:\/\/www.egemtv.com\/index.php?rest_route=%2Fwp%2Fv2%2Ftags&post=76459"}],"curies":[{"name":"wp","href":"https:\/\/api.w.org\/{rel}","templated":true}]}}