{"id":76456,"date":"2025-12-25T10:14:40","date_gmt":"2025-12-25T07:14:40","guid":{"rendered":"https:\/\/www.egemtv.com\/?p=76456"},"modified":"2025-12-25T10:14:41","modified_gmt":"2025-12-25T07:14:41","slug":"universiteli-gencler-yasli-cinarlari-unutmadi","status":"publish","type":"post","link":"https:\/\/www.egemtv.com\/?p=76456","title":{"rendered":"\u00dcniversiteli gen\u00e7ler, ya\u015fl\u0131 \u00e7\u0131narlar\u0131 unutmad\u0131"},"content":{"rendered":"<p>Ayd\u0131n\u2019\u0131n Sultanhisar il\u00e7esinde ya\u015fl\u0131 \u00e7\u0131narlar\u0131 unutmayan \u00fcniversite \u00f6\u011frencileri, \u015fark\u0131 ve t\u00fcrk\u00fclerle g\u00f6n\u00fcllere dokundu.<\/p>\n<p>Ayd\u0131n Gen\u00e7lik ve Spor \u0130l M\u00fcd\u00fcrl\u00fc\u011f\u00fc b\u00fcnyesindeki Sultanhisar Yurt M\u00fcd\u00fcrl\u00fc\u011f\u00fc\u2019nde kalan \u00fcniversite \u00f6\u011frencileri, anlaml\u0131 bir ziyarette bulundu. G\u00f6n\u00fcll\u00fc \u00f6\u011frenciler taraf\u0131ndan ger\u00e7ekle\u015ftirilen ziyaret kapsam\u0131nda il\u00e7ede bulunan huzurevi ziyaret edilerek ya\u015fl\u0131larla bir araya gelindi. Ya\u015fl\u0131 \u00e7\u0131narlarla sohbet eden gen\u00e7ler, ziyarette huzurevi sakinleri birlikte \u00e7i\u00e7ek dikimi yapt\u0131. Ziyaret s\u0131ras\u0131nda \u00f6\u011frenciler taraf\u0131ndan seslendirilen \u015fark\u0131 ve t\u00fcrk\u00fclerle keyifli anlar ya\u015fan\u0131rken, g\u00f6n\u00fcll\u00fc gen\u00e7ler g\u00f6n\u00fcllere dokundu.<\/p>\n<p>Etkinlik ile ku\u015faklar aras\u0131 ileti\u015fimin g\u00fc\u00e7lendirilmesine katk\u0131 sunuldu\u011funa dikkat \u00e7eken Ayd\u0131n Gen\u00e7lik ve Spor \u0130l M\u00fcd\u00fcrl\u00fc\u011f\u00fc yapt\u0131\u011f\u0131 a\u00e7\u0131klamada &#8220;G\u00f6n\u00fcll\u00fc \u00f6\u011frencilerimizle huzurevi ziyaretinde bulunduk. Ya\u015fl\u0131lar\u0131m\u0131zla birlikte \u00e7i\u00e7ekler diktik, \u00f6\u011frencilerimizin seslendirdi\u011fi \u015fark\u0131 ve t\u00fcrk\u00fclerle g\u00f6n\u00fcllere dokunduk&#8221; ifadelerine yer verdi.<br \/><\/p>\n","protected":false},"excerpt":{"rendered":"<p>Ayd\u0131n\u2019\u0131n Sultanhisar il\u00e7esinde ya\u015fl\u0131 \u00e7\u0131narlar\u0131 unutmayan \u00fcniversite \u00f6\u011frencileri, \u015fark\u0131 ve t\u00fcrk\u00fclerle g\u00f6n\u00fcllere dokundu. Ayd\u0131n Gen\u00e7lik ve Spor \u0130l M\u00fcd\u00fcrl\u00fc\u011f\u00fc b\u00fcnyesindeki Sultanhisar Yurt M\u00fcd\u00fcrl\u00fc\u011f\u00fc\u2019nde kalan \u00fcniversite \u00f6\u011frencileri, anlaml\u0131 bir ziyarette bulundu. G\u00f6n\u00fcll\u00fc \u00f6\u011frenciler taraf\u0131ndan ger\u00e7ekle\u015ftirilen ziyaret kapsam\u0131nda il\u00e7ede bulunan huzurevi ziyaret edilerek ya\u015fl\u0131larla bir araya gelindi. Ya\u015fl\u0131 \u00e7\u0131narlarla sohbet eden gen\u00e7ler, ziyarette huzurevi sakinleri birlikte \u00e7i\u00e7ek&#8230;<\/p>\n","protected":false},"author":1,"featured_media":76457,"comment_status":"open","ping_status":"open","sticky":false,"template":"","format":"standard","meta":{"_crdt_document":"","footnotes":""},"categories":[1],"tags":[],"class_list":["post-76456","post","type-post","status-publish","format-standard","has-post-thumbnail","hentry","category-guncel"],"_links":{"self":[{"href":"https:\/\/www.egemtv.com\/index.php?rest_route=\/wp\/v2\/posts\/76456","targetHints":{"allow":["GET"]}}],"collection":[{"href":"https:\/\/www.egemtv.com\/index.php?rest_route=\/wp\/v2\/posts"}],"about":[{"href":"https:\/\/www.egemtv.com\/index.php?rest_route=\/wp\/v2\/types\/post"}],"author":[{"embeddable":true,"href":"https:\/\/www.egemtv.com\/index.php?rest_route=\/wp\/v2\/users\/1"}],"replies":[{"embeddable":true,"href":"https:\/\/www.egemtv.com\/index.php?rest_route=%2Fwp%2Fv2%2Fcomments&post=76456"}],"version-history":[{"count":1,"href":"https:\/\/www.egemtv.com\/index.php?rest_route=\/wp\/v2\/posts\/76456\/revisions"}],"predecessor-version":[{"id":76458,"href":"https:\/\/www.egemtv.com\/index.php?rest_route=\/wp\/v2\/posts\/76456\/revisions\/76458"}],"wp:featuredmedia":[{"embeddable":true,"href":"https:\/\/www.egemtv.com\/index.php?rest_route=\/wp\/v2\/media\/76457"}],"wp:attachment":[{"href":"https:\/\/www.egemtv.com\/index.php?rest_route=%2Fwp%2Fv2%2Fmedia&parent=76456"}],"wp:term":[{"taxonomy":"category","embeddable":true,"href":"https:\/\/www.egemtv.com\/index.php?rest_route=%2Fwp%2Fv2%2Fcategories&post=76456"},{"taxonomy":"post_tag","embeddable":true,"href":"https:\/\/www.egemtv.com\/index.php?rest_route=%2Fwp%2Fv2%2Ftags&post=76456"}],"curies":[{"name":"wp","href":"https:\/\/api.w.org\/{rel}","templated":true}]}}