{"id":76453,"date":"2025-12-25T10:14:39","date_gmt":"2025-12-25T07:14:39","guid":{"rendered":"https:\/\/www.egemtv.com\/?p=76453"},"modified":"2025-12-25T10:14:40","modified_gmt":"2025-12-25T07:14:40","slug":"muglada-kovan-barinaklari-tekrar-ayaga-kaldiriliyor","status":"publish","type":"post","link":"https:\/\/www.egemtv.com\/?p=76453","title":{"rendered":"Mu\u011fla\u2019da kovan bar\u0131naklar\u0131 tekrar aya\u011fa kald\u0131r\u0131l\u0131yor"},"content":{"rendered":"<p>Mu\u011fla\u2019da meydana gelen b\u00fcy\u00fck yang\u0131nlar\u0131n ard\u0131ndan yaban hayat\u0131ndan korunmak i\u00e7in kullan\u0131lan kovan bar\u0131naklar\u0131, s\u00fcrd\u00fcr\u00fclebilir ar\u0131c\u0131l\u0131k ve ekolojik restorasyon projeleriyle yeniden g\u00fcn y\u00fcz\u00fcne \u00e7\u0131k\u0131yor.<\/p>\n<p>Mu\u011fla ormanlar\u0131nda, ay\u0131 ve yaban domuzu gibi yaban hayvanlar\u0131n\u0131n kovanlara eri\u015fimini engellemek amac\u0131yla in\u015fa edilen ve 1970\u2019li y\u0131llardan sonra fenni kovanlar\u0131n yayg\u0131nla\u015fmas\u0131yla terk edilen &#8220;ar\u0131 avlular\u0131&#8221;, modern \u00fcretim modellerine ilham oluyor. Natura Do\u011fa ve K\u00fclt\u00fcr Koruma Derne\u011fi taraf\u0131ndan y\u00fcr\u00fct\u00fclen proje kapsam\u0131nda, bu tarihi yap\u0131lar kay\u0131t alt\u0131na al\u0131narak restorasyon s\u00fcrecine ba\u015fland\u0131.<\/p>\n<p>B\u00fcy\u00fck yang\u0131nlar sonras\u0131 ekolojik restorasyon sahalar\u0131n\u0131 inceleyen uzmanlar, ge\u00e7mi\u015fin ar\u0131c\u0131l\u0131k miras\u0131n\u0131 &#8220;bal orman\u0131&#8221; potansiyeliyle yeniden ke\u015ffediyor. \u00c7al\u0131\u015fmalar kapsam\u0131nda, bu avlular\u0131 ge\u00e7mi\u015fte aktif olarak kullanan y\u00f6re ar\u0131c\u0131lar\u0131yla bir araya gelinerek; kovan bar\u0131naklar\u0131n\u0131n hangi \u015fartlarda ve nas\u0131l kullan\u0131ld\u0131\u011f\u0131na dair bilgiler derlendi.<\/p>\n<p>Mu\u011fla S\u0131tk\u0131 Ko\u00e7man \u00dcniversitesi Biyolojik \u00c7e\u015fitlilik Uygulama ve Ara\u015ft\u0131rma Merkezi M\u00fcd\u00fcr\u00fc Dr. \u00d6\u011fretim \u00dcyesi Yasin \u0130lemin, projenin \u00f6nemine dikkat \u00e7ekerek \u015funlar\u0131 s\u00f6yledi &#8220;Mega yang\u0131nlar sonras\u0131 \u00e7am bal\u0131 \u00fcretiminden uzakla\u015fmak zorunda kalan bir\u00e7ok Mu\u011flal\u0131 ar\u0131c\u0131m\u0131z i\u00e7in kadim ar\u0131 avlular\u0131; do\u011fa ile uyumlu, yaban hayat\u0131n\u0131 g\u00f6zeten ve s\u00fcrd\u00fcr\u00fclebilir bir \u00fcretim modeli sunuyor. Yang\u0131n sonras\u0131 restorasyon g\u00f6rm\u00fc\u015f alanlardaki baz\u0131 avlular\u0131 asl\u0131na uygun \u015fekilde restore etmeye ba\u015flad\u0131k. Bu \u00e7al\u0131\u015fmalarla ar\u0131c\u0131lara, ormanc\u0131lara ve yaban hayat\u0131 y\u00f6neticilerine \u00f6rnek bir model sunmay\u0131 hedefliyoruz&#8221; ifadesi kullan\u0131ld\u0131.<br \/><\/p>\n","protected":false},"excerpt":{"rendered":"<p>Mu\u011fla\u2019da meydana gelen b\u00fcy\u00fck yang\u0131nlar\u0131n ard\u0131ndan yaban hayat\u0131ndan korunmak i\u00e7in kullan\u0131lan kovan bar\u0131naklar\u0131, s\u00fcrd\u00fcr\u00fclebilir ar\u0131c\u0131l\u0131k ve ekolojik restorasyon projeleriyle yeniden g\u00fcn y\u00fcz\u00fcne \u00e7\u0131k\u0131yor. Mu\u011fla ormanlar\u0131nda, ay\u0131 ve yaban domuzu gibi yaban hayvanlar\u0131n\u0131n kovanlara eri\u015fimini engellemek amac\u0131yla in\u015fa edilen ve 1970\u2019li y\u0131llardan sonra fenni kovanlar\u0131n yayg\u0131nla\u015fmas\u0131yla terk edilen &#8220;ar\u0131 avlular\u0131&#8221;, modern \u00fcretim modellerine ilham oluyor. Natura&#8230;<\/p>\n","protected":false},"author":1,"featured_media":76454,"comment_status":"open","ping_status":"open","sticky":false,"template":"","format":"standard","meta":{"_crdt_document":"","footnotes":""},"categories":[1],"tags":[],"class_list":["post-76453","post","type-post","status-publish","format-standard","has-post-thumbnail","hentry","category-guncel"],"_links":{"self":[{"href":"https:\/\/www.egemtv.com\/index.php?rest_route=\/wp\/v2\/posts\/76453","targetHints":{"allow":["GET"]}}],"collection":[{"href":"https:\/\/www.egemtv.com\/index.php?rest_route=\/wp\/v2\/posts"}],"about":[{"href":"https:\/\/www.egemtv.com\/index.php?rest_route=\/wp\/v2\/types\/post"}],"author":[{"embeddable":true,"href":"https:\/\/www.egemtv.com\/index.php?rest_route=\/wp\/v2\/users\/1"}],"replies":[{"embeddable":true,"href":"https:\/\/www.egemtv.com\/index.php?rest_route=%2Fwp%2Fv2%2Fcomments&post=76453"}],"version-history":[{"count":1,"href":"https:\/\/www.egemtv.com\/index.php?rest_route=\/wp\/v2\/posts\/76453\/revisions"}],"predecessor-version":[{"id":76455,"href":"https:\/\/www.egemtv.com\/index.php?rest_route=\/wp\/v2\/posts\/76453\/revisions\/76455"}],"wp:featuredmedia":[{"embeddable":true,"href":"https:\/\/www.egemtv.com\/index.php?rest_route=\/wp\/v2\/media\/76454"}],"wp:attachment":[{"href":"https:\/\/www.egemtv.com\/index.php?rest_route=%2Fwp%2Fv2%2Fmedia&parent=76453"}],"wp:term":[{"taxonomy":"category","embeddable":true,"href":"https:\/\/www.egemtv.com\/index.php?rest_route=%2Fwp%2Fv2%2Fcategories&post=76453"},{"taxonomy":"post_tag","embeddable":true,"href":"https:\/\/www.egemtv.com\/index.php?rest_route=%2Fwp%2Fv2%2Ftags&post=76453"}],"curies":[{"name":"wp","href":"https:\/\/api.w.org\/{rel}","templated":true}]}}