{"id":76450,"date":"2025-12-25T09:54:47","date_gmt":"2025-12-25T06:54:47","guid":{"rendered":"https:\/\/www.egemtv.com\/?p=76450"},"modified":"2025-12-25T09:54:48","modified_gmt":"2025-12-25T06:54:48","slug":"germencikte-belediye-ekiplerinin-calismalari-devam-ediyor","status":"publish","type":"post","link":"https:\/\/www.egemtv.com\/?p=76450","title":{"rendered":"Germencik\u2019te belediye ekiplerinin \u00e7al\u0131\u015fmalar\u0131 devam ediyor"},"content":{"rendered":"<p>Germencik Belediyesi, il\u00e7enin farkl\u0131 noktalar\u0131nda \u00e7al\u0131\u015fmalar\u0131n\u0131 aral\u0131ks\u0131z s\u00fcrd\u00fcr\u00fcyor. Fen \u0130\u015fleri M\u00fcd\u00fcrl\u00fc\u011f\u00fc\u2019ne ba\u011fl\u0131 ekipler, planlanan program \u00e7er\u00e7evesinde \u0130stasyon Mahallesi Ali \u0130hsan Kalmaz Sokak\u2019ta \u00e7al\u0131\u015fma ger\u00e7ekle\u015ftirdi.<\/p>\n<p>Germencik Belediyesi ekiplerinin sahadaki \u00e7al\u0131\u015fmalar\u0131n\u0131 yak\u0131ndan takip eden Germencik Belediye Ba\u015fkan\u0131 Burak Zencirci, belediye olarak hizmeti t\u00fcm mahallelere yayd\u0131klar\u0131n\u0131 belirtti. Fen \u0130\u015fleri M\u00fcd\u00fcrl\u00fc\u011f\u00fc ekiplerinin belirlenen plan do\u011frultusunda hareket etti\u011fini ifade eden Zencirci, il\u00e7enin her noktas\u0131na e\u015fit hizmet g\u00f6t\u00fcrmeyi hedeflediklerini vurgulad\u0131. Yap\u0131lan \u00e7al\u0131\u015fmalar\u0131n g\u00fcnl\u00fck program dahilinde devam etti\u011fini kaydeden Zencirci, ekiplerin yaln\u0131zca merkezde de\u011fil, il\u00e7enin t\u00fcm mahallelerinde sahada oldu\u011funu ve belediye olarak vatanda\u015flar\u0131n ya\u015fam kalitesini art\u0131rmaya y\u00f6nelik \u00e7al\u0131\u015fmalara aral\u0131ks\u0131z devam edeceklerini belirten Zencirci, &#8220;Fen \u0130\u015fleri M\u00fcd\u00fcrl\u00fc\u011f\u00fcm\u00fcze ba\u011fl\u0131 ekiplerimiz bug\u00fcn \u00e7al\u0131\u015fmalar\u0131na \u0130stasyon Mahallesi Ali \u0130hsan Kalmaz Sokak\u2019ta devam ediyor. Ekiplerimiz plan do\u011frultusunda il\u00e7emizin her soka\u011f\u0131nda hizmet \u00fcretmeye devam edecek&#8221; ifadelerini kulland\u0131.<br \/><\/p>\n","protected":false},"excerpt":{"rendered":"<p>Germencik Belediyesi, il\u00e7enin farkl\u0131 noktalar\u0131nda \u00e7al\u0131\u015fmalar\u0131n\u0131 aral\u0131ks\u0131z s\u00fcrd\u00fcr\u00fcyor. Fen \u0130\u015fleri M\u00fcd\u00fcrl\u00fc\u011f\u00fc\u2019ne ba\u011fl\u0131 ekipler, planlanan program \u00e7er\u00e7evesinde \u0130stasyon Mahallesi Ali \u0130hsan Kalmaz Sokak\u2019ta \u00e7al\u0131\u015fma ger\u00e7ekle\u015ftirdi. Germencik Belediyesi ekiplerinin sahadaki \u00e7al\u0131\u015fmalar\u0131n\u0131 yak\u0131ndan takip eden Germencik Belediye Ba\u015fkan\u0131 Burak Zencirci, belediye olarak hizmeti t\u00fcm mahallelere yayd\u0131klar\u0131n\u0131 belirtti. Fen \u0130\u015fleri M\u00fcd\u00fcrl\u00fc\u011f\u00fc ekiplerinin belirlenen plan do\u011frultusunda hareket etti\u011fini ifade eden&#8230;<\/p>\n","protected":false},"author":1,"featured_media":76451,"comment_status":"open","ping_status":"open","sticky":false,"template":"","format":"standard","meta":{"_crdt_document":"","footnotes":""},"categories":[1],"tags":[],"class_list":["post-76450","post","type-post","status-publish","format-standard","has-post-thumbnail","hentry","category-guncel"],"_links":{"self":[{"href":"https:\/\/www.egemtv.com\/index.php?rest_route=\/wp\/v2\/posts\/76450","targetHints":{"allow":["GET"]}}],"collection":[{"href":"https:\/\/www.egemtv.com\/index.php?rest_route=\/wp\/v2\/posts"}],"about":[{"href":"https:\/\/www.egemtv.com\/index.php?rest_route=\/wp\/v2\/types\/post"}],"author":[{"embeddable":true,"href":"https:\/\/www.egemtv.com\/index.php?rest_route=\/wp\/v2\/users\/1"}],"replies":[{"embeddable":true,"href":"https:\/\/www.egemtv.com\/index.php?rest_route=%2Fwp%2Fv2%2Fcomments&post=76450"}],"version-history":[{"count":1,"href":"https:\/\/www.egemtv.com\/index.php?rest_route=\/wp\/v2\/posts\/76450\/revisions"}],"predecessor-version":[{"id":76452,"href":"https:\/\/www.egemtv.com\/index.php?rest_route=\/wp\/v2\/posts\/76450\/revisions\/76452"}],"wp:featuredmedia":[{"embeddable":true,"href":"https:\/\/www.egemtv.com\/index.php?rest_route=\/wp\/v2\/media\/76451"}],"wp:attachment":[{"href":"https:\/\/www.egemtv.com\/index.php?rest_route=%2Fwp%2Fv2%2Fmedia&parent=76450"}],"wp:term":[{"taxonomy":"category","embeddable":true,"href":"https:\/\/www.egemtv.com\/index.php?rest_route=%2Fwp%2Fv2%2Fcategories&post=76450"},{"taxonomy":"post_tag","embeddable":true,"href":"https:\/\/www.egemtv.com\/index.php?rest_route=%2Fwp%2Fv2%2Ftags&post=76450"}],"curies":[{"name":"wp","href":"https:\/\/api.w.org\/{rel}","templated":true}]}}