{"id":76447,"date":"2025-12-25T09:34:41","date_gmt":"2025-12-25T06:34:41","guid":{"rendered":"https:\/\/www.egemtv.com\/?p=76447"},"modified":"2025-12-25T09:34:42","modified_gmt":"2025-12-25T06:34:42","slug":"muglaya-soguk-hava-uyarisi","status":"publish","type":"post","link":"https:\/\/www.egemtv.com\/?p=76447","title":{"rendered":"Mu\u011fla\u2019ya so\u011fuk hava uyar\u0131s\u0131"},"content":{"rendered":"<p>Mu\u011fla ve \u00e7evresinde yar\u0131ndan itibaren hava s\u0131cakl\u0131klar\u0131n\u0131n d\u00fc\u015ferek, so\u011fuk ve ya\u011f\u0131\u015fl\u0131 havan\u0131n etkili olmas\u0131 bekleniyor.<\/p>\n<p>Mu\u011fla genelinde mevsim normallerinde seyreden hava s\u0131cakl\u0131klar\u0131, \u00f6n\u00fcm\u00fczdeki g\u00fcnlerde sert bir d\u00fc\u015f\u00fc\u015f ya\u015fayacak. Yap\u0131lan son meteorolojik de\u011ferlendirmelere g\u00f6re, Cuma g\u00fcn\u00fcnden itibaren s\u0131cakl\u0131klar\u0131n 4 ila 10 derece birden azalmas\u0131 bekleniyor. K\u0131y\u0131 ve sahil \u015feridi i\u00e7in \u015fiddetli sa\u011fanak ya\u011f\u0131\u015flar bekleniyor. \u0130\u00e7 ve y\u00fcksek kesimlerde ise ya\u011f\u0131\u015flar\u0131n karla kar\u0131\u015f\u0131k ya\u011fmur ve yer yer yo\u011fun kar \u015feklinde olaca\u011f\u0131 tahmin ediliyor.<\/p>\n<p>Meteoroloji yetkilileri, \u00f6zellikle gece ve sabah saatlerinde olu\u015fabilecek buzlanma ve don olaylar\u0131na kar\u015f\u0131 vatanda\u015flar\u0131 uyard\u0131. D\u00fc\u015fen s\u0131cakl\u0131klar nedeniyle, kara, hava ve deniz trafi\u011finde aksamalar ya\u015fanabilece\u011fi, devam eden tar\u0131msal faaliyetlerde &#8220;zirai don&#8221; riskinin artt\u0131\u011f\u0131 bildirildi.<br \/><\/p>\n","protected":false},"excerpt":{"rendered":"<p>Mu\u011fla ve \u00e7evresinde yar\u0131ndan itibaren hava s\u0131cakl\u0131klar\u0131n\u0131n d\u00fc\u015ferek, so\u011fuk ve ya\u011f\u0131\u015fl\u0131 havan\u0131n etkili olmas\u0131 bekleniyor. Mu\u011fla genelinde mevsim normallerinde seyreden hava s\u0131cakl\u0131klar\u0131, \u00f6n\u00fcm\u00fczdeki g\u00fcnlerde sert bir d\u00fc\u015f\u00fc\u015f ya\u015fayacak. Yap\u0131lan son meteorolojik de\u011ferlendirmelere g\u00f6re, Cuma g\u00fcn\u00fcnden itibaren s\u0131cakl\u0131klar\u0131n 4 ila 10 derece birden azalmas\u0131 bekleniyor. K\u0131y\u0131 ve sahil \u015feridi i\u00e7in \u015fiddetli sa\u011fanak ya\u011f\u0131\u015flar bekleniyor. \u0130\u00e7 ve&#8230;<\/p>\n","protected":false},"author":1,"featured_media":76448,"comment_status":"open","ping_status":"open","sticky":false,"template":"","format":"standard","meta":{"_crdt_document":"","footnotes":""},"categories":[1],"tags":[],"class_list":["post-76447","post","type-post","status-publish","format-standard","has-post-thumbnail","hentry","category-guncel"],"_links":{"self":[{"href":"https:\/\/www.egemtv.com\/index.php?rest_route=\/wp\/v2\/posts\/76447","targetHints":{"allow":["GET"]}}],"collection":[{"href":"https:\/\/www.egemtv.com\/index.php?rest_route=\/wp\/v2\/posts"}],"about":[{"href":"https:\/\/www.egemtv.com\/index.php?rest_route=\/wp\/v2\/types\/post"}],"author":[{"embeddable":true,"href":"https:\/\/www.egemtv.com\/index.php?rest_route=\/wp\/v2\/users\/1"}],"replies":[{"embeddable":true,"href":"https:\/\/www.egemtv.com\/index.php?rest_route=%2Fwp%2Fv2%2Fcomments&post=76447"}],"version-history":[{"count":1,"href":"https:\/\/www.egemtv.com\/index.php?rest_route=\/wp\/v2\/posts\/76447\/revisions"}],"predecessor-version":[{"id":76449,"href":"https:\/\/www.egemtv.com\/index.php?rest_route=\/wp\/v2\/posts\/76447\/revisions\/76449"}],"wp:featuredmedia":[{"embeddable":true,"href":"https:\/\/www.egemtv.com\/index.php?rest_route=\/wp\/v2\/media\/76448"}],"wp:attachment":[{"href":"https:\/\/www.egemtv.com\/index.php?rest_route=%2Fwp%2Fv2%2Fmedia&parent=76447"}],"wp:term":[{"taxonomy":"category","embeddable":true,"href":"https:\/\/www.egemtv.com\/index.php?rest_route=%2Fwp%2Fv2%2Fcategories&post=76447"},{"taxonomy":"post_tag","embeddable":true,"href":"https:\/\/www.egemtv.com\/index.php?rest_route=%2Fwp%2Fv2%2Ftags&post=76447"}],"curies":[{"name":"wp","href":"https:\/\/api.w.org\/{rel}","templated":true}]}}