{"id":76444,"date":"2025-12-25T09:34:40","date_gmt":"2025-12-25T06:34:40","guid":{"rendered":"https:\/\/www.egemtv.com\/?p=76444"},"modified":"2025-12-25T09:34:41","modified_gmt":"2025-12-25T06:34:41","slug":"universite-ogrencilerine-kultur-gezisi","status":"publish","type":"post","link":"https:\/\/www.egemtv.com\/?p=76444","title":{"rendered":"\u00dcniversite \u00f6\u011frencilerine k\u00fclt\u00fcr gezisi"},"content":{"rendered":"<p>Adnan Menderes \u00dcniversitesi Medya Toplulu\u011fu, Gen\u00e7lik ve Spor Bakanl\u0131\u011f\u0131na ba\u011fl\u0131 Sultanhisar Gen\u00e7lik Merkezi i\u015f birli\u011fiyle, Nysa Antik Kenti\u2019ne y\u00f6nelik k\u00fclt\u00fcr gezisi ve foto\u011fraf hikayele\u015ftirme e\u011fitimi d\u00fczenledi.<br \/>\n<br \/>At\u00e7a Meslek Y\u00fcksekokulu, \u0130nsan ve Toplum Bilimleri Fak\u00fcltesi ile Sultanhisar Meslek Y\u00fcksekokulu \u00f6\u011frencilerinin kat\u0131ld\u0131\u011f\u0131 ve Helenistik d\u00f6nemin \u00f6nemli e\u011fitim ve k\u00fclt\u00fcr merkezlerinden biri olan Nysa\u2019da ger\u00e7ekle\u015ftirilen etkinlikte; \u00f6\u011frencilere rehber e\u015fli\u011finde antik kentin tarihi, mimari dokusu ve mitolojik arka plan\u0131 aktar\u0131ld\u0131.<br \/>\n<br \/>\u00d6\u011frencilere; At\u00e7a Meslek Y\u00fcksekokulu M\u00fcd\u00fcr Yard\u0131mc\u0131s\u0131 \u00d6\u011fr. G\u00f6r. Recep \u00d6z\u00e7elik, \u00d6\u011fr. G\u00f6r. Dr. Do\u011fukan Yaz\u0131c\u0131, Medya Toplulu\u011fu Dan\u0131\u015fman\u0131 \u00d6\u011fr. G\u00f6r. H\u00fcseyin Emin Kurnaz ile Sultanhisar Gen\u00e7lik Merkezi \u0130l\u00e7e M\u00fcd\u00fcr\u00fc Yusuf Ye\u015filyurt ve Gen\u00e7lik Merkezi personeli e\u015flik etti. Gezi kapsam\u0131nda d\u00fczenlenen Foto\u011fraf Hikayele\u015ftirme E\u011fitimi ile \u00f6\u011frenciler, mekan-insan-zaman ili\u015fkisini g\u00f6rsel anlat\u0131ya d\u00f6n\u00fc\u015ft\u00fcrmeye y\u00f6nelik uygulamal\u0131 \u00e7ekimler ger\u00e7ekle\u015ftirdi.<br \/>\n<br \/>Tarih, e\u011fitim ve sosyal payla\u015f\u0131m\u0131n bir araya geldi\u011fi organizasyon, Gen\u00e7lik Merkezi\u2019nde d\u00fczenlenen sosyal etkile\u015fimi g\u00fc\u00e7lendirmeye y\u00f6nelik barbek\u00fc etkinli\u011fi ile sona erdi.<br \/><\/p>\n","protected":false},"excerpt":{"rendered":"<p>Adnan Menderes \u00dcniversitesi Medya Toplulu\u011fu, Gen\u00e7lik ve Spor Bakanl\u0131\u011f\u0131na ba\u011fl\u0131 Sultanhisar Gen\u00e7lik Merkezi i\u015f birli\u011fiyle, Nysa Antik Kenti\u2019ne y\u00f6nelik k\u00fclt\u00fcr gezisi ve foto\u011fraf hikayele\u015ftirme e\u011fitimi d\u00fczenledi. At\u00e7a Meslek Y\u00fcksekokulu, \u0130nsan ve Toplum Bilimleri Fak\u00fcltesi ile Sultanhisar Meslek Y\u00fcksekokulu \u00f6\u011frencilerinin kat\u0131ld\u0131\u011f\u0131 ve Helenistik d\u00f6nemin \u00f6nemli e\u011fitim ve k\u00fclt\u00fcr merkezlerinden biri olan Nysa\u2019da ger\u00e7ekle\u015ftirilen etkinlikte; \u00f6\u011frencilere rehber&#8230;<\/p>\n","protected":false},"author":1,"featured_media":76445,"comment_status":"open","ping_status":"open","sticky":false,"template":"","format":"standard","meta":{"_crdt_document":"","footnotes":""},"categories":[1],"tags":[],"class_list":["post-76444","post","type-post","status-publish","format-standard","has-post-thumbnail","hentry","category-guncel"],"_links":{"self":[{"href":"https:\/\/www.egemtv.com\/index.php?rest_route=\/wp\/v2\/posts\/76444","targetHints":{"allow":["GET"]}}],"collection":[{"href":"https:\/\/www.egemtv.com\/index.php?rest_route=\/wp\/v2\/posts"}],"about":[{"href":"https:\/\/www.egemtv.com\/index.php?rest_route=\/wp\/v2\/types\/post"}],"author":[{"embeddable":true,"href":"https:\/\/www.egemtv.com\/index.php?rest_route=\/wp\/v2\/users\/1"}],"replies":[{"embeddable":true,"href":"https:\/\/www.egemtv.com\/index.php?rest_route=%2Fwp%2Fv2%2Fcomments&post=76444"}],"version-history":[{"count":1,"href":"https:\/\/www.egemtv.com\/index.php?rest_route=\/wp\/v2\/posts\/76444\/revisions"}],"predecessor-version":[{"id":76446,"href":"https:\/\/www.egemtv.com\/index.php?rest_route=\/wp\/v2\/posts\/76444\/revisions\/76446"}],"wp:featuredmedia":[{"embeddable":true,"href":"https:\/\/www.egemtv.com\/index.php?rest_route=\/wp\/v2\/media\/76445"}],"wp:attachment":[{"href":"https:\/\/www.egemtv.com\/index.php?rest_route=%2Fwp%2Fv2%2Fmedia&parent=76444"}],"wp:term":[{"taxonomy":"category","embeddable":true,"href":"https:\/\/www.egemtv.com\/index.php?rest_route=%2Fwp%2Fv2%2Fcategories&post=76444"},{"taxonomy":"post_tag","embeddable":true,"href":"https:\/\/www.egemtv.com\/index.php?rest_route=%2Fwp%2Fv2%2Ftags&post=76444"}],"curies":[{"name":"wp","href":"https:\/\/api.w.org\/{rel}","templated":true}]}}