{"id":76420,"date":"2025-12-24T21:54:34","date_gmt":"2025-12-24T18:54:34","guid":{"rendered":"https:\/\/www.egemtv.com\/?p=76420"},"modified":"2025-12-24T21:54:35","modified_gmt":"2025-12-24T18:54:35","slug":"baskan-cercioglu-cumhurbaskani-erdogan-onculugundeki-toplantiya-katildi","status":"publish","type":"post","link":"https:\/\/www.egemtv.com\/?p=76420","title":{"rendered":"Ba\u015fkan \u00c7er\u00e7io\u011flu, Cumhurba\u015fkan\u0131 Erdo\u011fan \u00f6nc\u00fcl\u00fc\u011f\u00fcndeki toplant\u0131ya kat\u0131ld\u0131"},"content":{"rendered":"<p>Ayd\u0131n B\u00fcy\u00fck\u015fehir Belediye Ba\u015fkan\u0131 \u00d6zlem \u00c7er\u00e7io\u011flu, Cumhurba\u015fkan\u0131 Recep Tayyip Erdo\u011fan\u2019\u0131n ba\u015fkanl\u0131\u011f\u0131nda d\u00fczenlenen Geni\u015fletilmi\u015f \u0130l Ba\u015fkanlar\u0131 Toplant\u0131s\u0131\u2019na kat\u0131ld\u0131. Ba\u015fkan \u00c7er\u00e7io\u011flu, &#8220;Kentimizi hizmetlerle bulu\u015fturmaya devam edece\u011fiz&#8221; dedi.<\/p>\n<p>Ayd\u0131n B\u00fcy\u00fck\u015fehir Belediye Ba\u015fkan\u0131 \u00d6zlem \u00c7er\u00e7io\u011flu, Cumhurba\u015fkan\u0131 ve AK Parti Genel Ba\u015fkan\u0131 Recep Tayyip Erdo\u011fan\u2019\u0131n \u00f6nc\u00fcl\u00fc\u011f\u00fcnde AK Parti Kongre Merkezi\u2019nde ger\u00e7ekle\u015ftirilen Geni\u015fletilmi\u015f \u0130l Ba\u015fkanlar\u0131 Toplant\u0131s\u0131\u2019na kat\u0131ld\u0131. T\u00fcrkiye genelinde y\u00fcr\u00fct\u00fclen \u00e7al\u0131\u015fmalar\u0131n ele al\u0131nd\u0131\u011f\u0131 geni\u015f kat\u0131l\u0131mla ger\u00e7ekle\u015ftirilen toplant\u0131da, yerel y\u00f6netimlerin mevcut durumu, devam eden hizmetler ve kentlerin gelece\u011fine y\u00f6nelik projeler masaya yat\u0131r\u0131ld\u0131. Toplant\u0131n\u0131n ard\u0131ndan de\u011ferlendirmelerde bulunan Ba\u015fkan \u00c7er\u00e7io\u011flu, &#8220;Cumhurba\u015fkan\u0131m\u0131z ve Genel Ba\u015fkan\u0131m\u0131z Recep Tayyip Erdo\u011fan\u2019\u0131n ba\u015fkanl\u0131\u011f\u0131nda Geni\u015fletilmi\u015f \u0130l Ba\u015fkanlar\u0131 Toplant\u0131s\u0131\u2019n\u0131 ger\u00e7ekle\u015ftirdik. Ayd\u0131n\u0131m\u0131z ve \u00fclkemiz i\u00e7in daha fazla \u00e7al\u0131\u015fmaya, kentimizi hizmetle bulu\u015fturmaya devam edece\u011fiz&#8221; ifadelerine yer verdi.<br \/><\/p>\n","protected":false},"excerpt":{"rendered":"<p>Ayd\u0131n B\u00fcy\u00fck\u015fehir Belediye Ba\u015fkan\u0131 \u00d6zlem \u00c7er\u00e7io\u011flu, Cumhurba\u015fkan\u0131 Recep Tayyip Erdo\u011fan\u2019\u0131n ba\u015fkanl\u0131\u011f\u0131nda d\u00fczenlenen Geni\u015fletilmi\u015f \u0130l Ba\u015fkanlar\u0131 Toplant\u0131s\u0131\u2019na kat\u0131ld\u0131. Ba\u015fkan \u00c7er\u00e7io\u011flu, &#8220;Kentimizi hizmetlerle bulu\u015fturmaya devam edece\u011fiz&#8221; dedi. Ayd\u0131n B\u00fcy\u00fck\u015fehir Belediye Ba\u015fkan\u0131 \u00d6zlem \u00c7er\u00e7io\u011flu, Cumhurba\u015fkan\u0131 ve AK Parti Genel Ba\u015fkan\u0131 Recep Tayyip Erdo\u011fan\u2019\u0131n \u00f6nc\u00fcl\u00fc\u011f\u00fcnde AK Parti Kongre Merkezi\u2019nde ger\u00e7ekle\u015ftirilen Geni\u015fletilmi\u015f \u0130l Ba\u015fkanlar\u0131 Toplant\u0131s\u0131\u2019na kat\u0131ld\u0131. T\u00fcrkiye genelinde y\u00fcr\u00fct\u00fclen \u00e7al\u0131\u015fmalar\u0131n&#8230;<\/p>\n","protected":false},"author":1,"featured_media":76421,"comment_status":"open","ping_status":"open","sticky":false,"template":"","format":"standard","meta":{"_crdt_document":"","footnotes":""},"categories":[127],"tags":[],"class_list":["post-76420","post","type-post","status-publish","format-standard","has-post-thumbnail","hentry","category-siyaset"],"_links":{"self":[{"href":"https:\/\/www.egemtv.com\/index.php?rest_route=\/wp\/v2\/posts\/76420","targetHints":{"allow":["GET"]}}],"collection":[{"href":"https:\/\/www.egemtv.com\/index.php?rest_route=\/wp\/v2\/posts"}],"about":[{"href":"https:\/\/www.egemtv.com\/index.php?rest_route=\/wp\/v2\/types\/post"}],"author":[{"embeddable":true,"href":"https:\/\/www.egemtv.com\/index.php?rest_route=\/wp\/v2\/users\/1"}],"replies":[{"embeddable":true,"href":"https:\/\/www.egemtv.com\/index.php?rest_route=%2Fwp%2Fv2%2Fcomments&post=76420"}],"version-history":[{"count":1,"href":"https:\/\/www.egemtv.com\/index.php?rest_route=\/wp\/v2\/posts\/76420\/revisions"}],"predecessor-version":[{"id":76422,"href":"https:\/\/www.egemtv.com\/index.php?rest_route=\/wp\/v2\/posts\/76420\/revisions\/76422"}],"wp:featuredmedia":[{"embeddable":true,"href":"https:\/\/www.egemtv.com\/index.php?rest_route=\/wp\/v2\/media\/76421"}],"wp:attachment":[{"href":"https:\/\/www.egemtv.com\/index.php?rest_route=%2Fwp%2Fv2%2Fmedia&parent=76420"}],"wp:term":[{"taxonomy":"category","embeddable":true,"href":"https:\/\/www.egemtv.com\/index.php?rest_route=%2Fwp%2Fv2%2Fcategories&post=76420"},{"taxonomy":"post_tag","embeddable":true,"href":"https:\/\/www.egemtv.com\/index.php?rest_route=%2Fwp%2Fv2%2Ftags&post=76420"}],"curies":[{"name":"wp","href":"https:\/\/api.w.org\/{rel}","templated":true}]}}