{"id":76414,"date":"2025-12-24T20:14:38","date_gmt":"2025-12-24T17:14:38","guid":{"rendered":"https:\/\/www.egemtv.com\/?p=76414"},"modified":"2025-12-24T20:14:39","modified_gmt":"2025-12-24T17:14:39","slug":"aydin-valiliginden-don-ve-buzlanma-uyarisi","status":"publish","type":"post","link":"https:\/\/www.egemtv.com\/?p=76414","title":{"rendered":"Ayd\u0131n Valili\u011fi\u2019nden don ve buzlanma uyar\u0131s\u0131"},"content":{"rendered":"<p>Ayd\u0131n genelinde hava s\u0131cakl\u0131klar\u0131n\u0131n hissedilir derecede d\u00fc\u015fmesi beklenirken, Ayd\u0131n Valili\u011fi vatanda\u015flar\u0131 don ve buzlanmalara kar\u015f\u0131 uyard\u0131.<br \/>\n<br \/>Meteoroloji Genel M\u00fcd\u00fcrl\u00fc\u011f\u00fc\u2019n\u00fcn son de\u011ferlendirmelerine g\u00f6re, 26 Aral\u0131k 2025 Cuma g\u00fcn\u00fcnden itibaren Ayd\u0131n genelinde hava s\u0131cakl\u0131klar\u0131n\u0131n hissedilir derecede azalmas\u0131 bekleniyor. Tahminlere g\u00f6re s\u0131cakl\u0131klar\u0131n 0 derece civar\u0131na kadar d\u00fc\u015febilece\u011fi, gece ve sabah saatlerinde don ve buzlanma olaylar\u0131n\u0131n g\u00f6r\u00fclebilece\u011fi bildirildi. Beklenen olumsuz hava \u015fartlar\u0131n\u0131n kara, hava ve deniz ula\u015f\u0131m\u0131nda aksamalara yol a\u00e7abilece\u011fi tahmin edilirken, tar\u0131msal faaliyetlerin s\u00fcrd\u00fc\u011f\u00fc b\u00f6lgelerde ise zirai don riski bulundu\u011fu belirtildi.<br \/>\n<br \/>Konu ile ilgili a\u00e7\u0131klama yapan Ayd\u0131n Valili\u011fi, vatanda\u015flar\u0131 dikkatli ve tedbirli olmalar\u0131 i\u00e7in uyararak a\u00e7\u0131klamas\u0131nda &#8220;Yap\u0131lan son de\u011ferlendirmelere g\u00f6re 26 Aral\u0131k 2025 Cuma g\u00fcn\u00fcnden itibaren ilimiz genelinde hava s\u0131cakl\u0131klar\u0131n\u0131n hissedilir derecede azalmas\u0131 beklenmektedir. S\u0131cakl\u0131klar\u0131n 0 derece civar\u0131na kadar d\u00fc\u015febilece\u011fi, gece ve sabah saatlerinde don ve buzlanma g\u00f6r\u00fclebilece\u011fi, kara, hava ve deniz ula\u015f\u0131m\u0131nda aksamalara yol a\u00e7abilece\u011fi, tar\u0131msal faaliyetlerin devam etti\u011fi b\u00f6lgelerde zirai don riski bulundu\u011fu de\u011ferlendirilmektedir. Vatanda\u015flar\u0131m\u0131z\u0131n dikkatli ve tedbirli olmalar\u0131, Meteoroloji\u2019nin tahmin ve uyar\u0131lar\u0131n\u0131 takip etmeleri \u00f6nemle rica olunur&#8221; ifadeleri yer ald\u0131.<br \/><\/p>\n","protected":false},"excerpt":{"rendered":"<p>Ayd\u0131n genelinde hava s\u0131cakl\u0131klar\u0131n\u0131n hissedilir derecede d\u00fc\u015fmesi beklenirken, Ayd\u0131n Valili\u011fi vatanda\u015flar\u0131 don ve buzlanmalara kar\u015f\u0131 uyard\u0131. Meteoroloji Genel M\u00fcd\u00fcrl\u00fc\u011f\u00fc\u2019n\u00fcn son de\u011ferlendirmelerine g\u00f6re, 26 Aral\u0131k 2025 Cuma g\u00fcn\u00fcnden itibaren Ayd\u0131n genelinde hava s\u0131cakl\u0131klar\u0131n\u0131n hissedilir derecede azalmas\u0131 bekleniyor. Tahminlere g\u00f6re s\u0131cakl\u0131klar\u0131n 0 derece civar\u0131na kadar d\u00fc\u015febilece\u011fi, gece ve sabah saatlerinde don ve buzlanma olaylar\u0131n\u0131n g\u00f6r\u00fclebilece\u011fi bildirildi. Beklenen&#8230;<\/p>\n","protected":false},"author":1,"featured_media":76415,"comment_status":"open","ping_status":"open","sticky":false,"template":"","format":"standard","meta":{"_crdt_document":"","footnotes":""},"categories":[1],"tags":[],"class_list":["post-76414","post","type-post","status-publish","format-standard","has-post-thumbnail","hentry","category-guncel"],"_links":{"self":[{"href":"https:\/\/www.egemtv.com\/index.php?rest_route=\/wp\/v2\/posts\/76414","targetHints":{"allow":["GET"]}}],"collection":[{"href":"https:\/\/www.egemtv.com\/index.php?rest_route=\/wp\/v2\/posts"}],"about":[{"href":"https:\/\/www.egemtv.com\/index.php?rest_route=\/wp\/v2\/types\/post"}],"author":[{"embeddable":true,"href":"https:\/\/www.egemtv.com\/index.php?rest_route=\/wp\/v2\/users\/1"}],"replies":[{"embeddable":true,"href":"https:\/\/www.egemtv.com\/index.php?rest_route=%2Fwp%2Fv2%2Fcomments&post=76414"}],"version-history":[{"count":1,"href":"https:\/\/www.egemtv.com\/index.php?rest_route=\/wp\/v2\/posts\/76414\/revisions"}],"predecessor-version":[{"id":76416,"href":"https:\/\/www.egemtv.com\/index.php?rest_route=\/wp\/v2\/posts\/76414\/revisions\/76416"}],"wp:featuredmedia":[{"embeddable":true,"href":"https:\/\/www.egemtv.com\/index.php?rest_route=\/wp\/v2\/media\/76415"}],"wp:attachment":[{"href":"https:\/\/www.egemtv.com\/index.php?rest_route=%2Fwp%2Fv2%2Fmedia&parent=76414"}],"wp:term":[{"taxonomy":"category","embeddable":true,"href":"https:\/\/www.egemtv.com\/index.php?rest_route=%2Fwp%2Fv2%2Fcategories&post=76414"},{"taxonomy":"post_tag","embeddable":true,"href":"https:\/\/www.egemtv.com\/index.php?rest_route=%2Fwp%2Fv2%2Ftags&post=76414"}],"curies":[{"name":"wp","href":"https:\/\/api.w.org\/{rel}","templated":true}]}}