{"id":76411,"date":"2025-12-24T19:54:44","date_gmt":"2025-12-24T16:54:44","guid":{"rendered":"https:\/\/www.egemtv.com\/?p=76411"},"modified":"2025-12-24T19:54:46","modified_gmt":"2025-12-24T16:54:46","slug":"koycegizde-regaip-kandili-nedeniyle-ozel-programlar-duzenlenecek","status":"publish","type":"post","link":"https:\/\/www.egemtv.com\/?p=76411","title":{"rendered":"K\u00f6yce\u011fiz\u2019de Regaip Kandili nedeniyle \u00f6zel programlar d\u00fczenlenecek"},"content":{"rendered":"<p>Mu\u011fla\u2019n\u0131n K\u00f6yce\u011fiz il\u00e7esinde Ramazan-\u0131 \u015eerif\u2019in m\u00fcjdecisi Regaip Kandili \u00e7e\u015fitli programlarla idrak edilecek.<\/p>\n<p>K\u00f6yce\u011fiz M\u00fcft\u00fcl\u00fc\u011f\u00fc taraf\u0131ndan 25 Aral\u0131k 2025 Per\u015fembe g\u00fcn\u00fc m\u00fcbarek \u00fc\u00e7 aylar\u0131n ilk kandili olan Regaib Kandili nedeniyle \u00f6zel programlar d\u00fczenlenecek. Regaib Kandili dolay\u0131s\u0131yla K\u00f6yce\u011fiz \u0130l\u00e7e M\u00fcft\u00fcl\u00fc\u011f\u00fc taraf\u0131ndan Per\u015fembe g\u00fcn\u00fc saat 10.30\u2019da Toparlar Mahallesi Merkez Camii\u2019nde kad\u0131nlara y\u00f6nelik kandil \u00f6zel program\u0131 yap\u0131lacak. Ak\u015fam namaz\u0131ndan sonra da t\u00fcm camilerde oldu\u011fu gibi Merkez Hac\u0131bey Camii ve Toparlar Merkez Camii\u2019nde kandil \u00f6zel program\u0131 ger\u00e7ekle\u015ftirilecek. K\u00f6yce\u011fiz M\u00fcft\u00fcl\u00fc\u011f\u00fc d\u00fczenlenen \u00f6zel programlara t\u00fcm halk\u0131 davet etti.<br \/><\/p>\n","protected":false},"excerpt":{"rendered":"<p>Mu\u011fla\u2019n\u0131n K\u00f6yce\u011fiz il\u00e7esinde Ramazan-\u0131 \u015eerif\u2019in m\u00fcjdecisi Regaip Kandili \u00e7e\u015fitli programlarla idrak edilecek. K\u00f6yce\u011fiz M\u00fcft\u00fcl\u00fc\u011f\u00fc taraf\u0131ndan 25 Aral\u0131k 2025 Per\u015fembe g\u00fcn\u00fc m\u00fcbarek \u00fc\u00e7 aylar\u0131n ilk kandili olan Regaib Kandili nedeniyle \u00f6zel programlar d\u00fczenlenecek. Regaib Kandili dolay\u0131s\u0131yla K\u00f6yce\u011fiz \u0130l\u00e7e M\u00fcft\u00fcl\u00fc\u011f\u00fc taraf\u0131ndan Per\u015fembe g\u00fcn\u00fc saat 10.30\u2019da Toparlar Mahallesi Merkez Camii\u2019nde kad\u0131nlara y\u00f6nelik kandil \u00f6zel program\u0131 yap\u0131lacak. Ak\u015fam namaz\u0131ndan&#8230;<\/p>\n","protected":false},"author":1,"featured_media":76412,"comment_status":"open","ping_status":"open","sticky":false,"template":"","format":"standard","meta":{"_crdt_document":"","footnotes":""},"categories":[1],"tags":[],"class_list":["post-76411","post","type-post","status-publish","format-standard","has-post-thumbnail","hentry","category-guncel"],"_links":{"self":[{"href":"https:\/\/www.egemtv.com\/index.php?rest_route=\/wp\/v2\/posts\/76411","targetHints":{"allow":["GET"]}}],"collection":[{"href":"https:\/\/www.egemtv.com\/index.php?rest_route=\/wp\/v2\/posts"}],"about":[{"href":"https:\/\/www.egemtv.com\/index.php?rest_route=\/wp\/v2\/types\/post"}],"author":[{"embeddable":true,"href":"https:\/\/www.egemtv.com\/index.php?rest_route=\/wp\/v2\/users\/1"}],"replies":[{"embeddable":true,"href":"https:\/\/www.egemtv.com\/index.php?rest_route=%2Fwp%2Fv2%2Fcomments&post=76411"}],"version-history":[{"count":1,"href":"https:\/\/www.egemtv.com\/index.php?rest_route=\/wp\/v2\/posts\/76411\/revisions"}],"predecessor-version":[{"id":76413,"href":"https:\/\/www.egemtv.com\/index.php?rest_route=\/wp\/v2\/posts\/76411\/revisions\/76413"}],"wp:featuredmedia":[{"embeddable":true,"href":"https:\/\/www.egemtv.com\/index.php?rest_route=\/wp\/v2\/media\/76412"}],"wp:attachment":[{"href":"https:\/\/www.egemtv.com\/index.php?rest_route=%2Fwp%2Fv2%2Fmedia&parent=76411"}],"wp:term":[{"taxonomy":"category","embeddable":true,"href":"https:\/\/www.egemtv.com\/index.php?rest_route=%2Fwp%2Fv2%2Fcategories&post=76411"},{"taxonomy":"post_tag","embeddable":true,"href":"https:\/\/www.egemtv.com\/index.php?rest_route=%2Fwp%2Fv2%2Ftags&post=76411"}],"curies":[{"name":"wp","href":"https:\/\/api.w.org\/{rel}","templated":true}]}}