{"id":76408,"date":"2025-12-24T19:54:43","date_gmt":"2025-12-24T16:54:43","guid":{"rendered":"https:\/\/www.egemtv.com\/?p=76408"},"modified":"2025-12-24T19:54:44","modified_gmt":"2025-12-24T16:54:44","slug":"ispartada-supheli-canta-funye-ile-patlatildi","status":"publish","type":"post","link":"https:\/\/www.egemtv.com\/?p=76408","title":{"rendered":"Isparta\u2019da \u015f\u00fcpheli \u00e7anta f\u00fcnye ile patlat\u0131ld\u0131"},"content":{"rendered":"<p>Isparta\u2019n\u0131n en i\u015flek noktalar\u0131ndan Kaymakkap\u0131 Meydan\u0131\u2019na b\u0131rak\u0131lan \u015f\u00fcpheli \u00e7anta, polis ekiplerince f\u00fcnyeyle patlat\u0131ld\u0131. \u00c7antan\u0131n bo\u015f oldu\u011fu belirlendi.<br \/>\n<br \/>Olay, saat 17.30 s\u0131ralar\u0131nda Kutlubey Mahallesi \u00dcniversite Caddesi \u00fczerinde bulunan otob\u00fcs duraklar\u0131nda meydana geldi. Edinilen bilgiye g\u00f6re, Kaymakkap\u0131 Meydan\u0131\u2019nda, otob\u00fcs duraklar\u0131n\u0131n yer ald\u0131\u011f\u0131 Kart Dolum Merkezi \u00f6n\u00fcnde b\u0131rak\u0131lan \u015f\u00fcpheli \u00e7anta, k\u0131sa s\u00fcreli pani\u011fe neden oldu. \u0130hbar \u00fczerine b\u00f6lgeye \u00e7ok say\u0131da polis ekibi sevk edilirken, \u00e7evrede geni\u015f g\u00fcvenlik \u00f6nlemleri al\u0131nd\u0131. Polis ekipleri, risk ihtimaline kar\u015f\u0131 vatanda\u015flar\u0131 g\u00fcvenli alanlara y\u00f6nlendirdi. Olay yerine sevk edilen bomba imha uzmanlar\u0131 taraf\u0131ndan \u015f\u00fcpheli \u00e7anta f\u00fcnye ile patlat\u0131ld\u0131. Yap\u0131lan incelemede \u00e7antan\u0131n bo\u015f oldu\u011fu tespit edildi. Polis ekipleri, \u015f\u00fcpheli \u00e7antay\u0131 b\u0131rakan ki\u015fi ya da ki\u015filerin tespit edilmesi amac\u0131yla \u00e7evredeki g\u00fcvenlik kameralar\u0131n\u0131 incelemeye ald\u0131.<br \/><\/p>\n","protected":false},"excerpt":{"rendered":"<p>Isparta\u2019n\u0131n en i\u015flek noktalar\u0131ndan Kaymakkap\u0131 Meydan\u0131\u2019na b\u0131rak\u0131lan \u015f\u00fcpheli \u00e7anta, polis ekiplerince f\u00fcnyeyle patlat\u0131ld\u0131. \u00c7antan\u0131n bo\u015f oldu\u011fu belirlendi. Olay, saat 17.30 s\u0131ralar\u0131nda Kutlubey Mahallesi \u00dcniversite Caddesi \u00fczerinde bulunan otob\u00fcs duraklar\u0131nda meydana geldi. Edinilen bilgiye g\u00f6re, Kaymakkap\u0131 Meydan\u0131\u2019nda, otob\u00fcs duraklar\u0131n\u0131n yer ald\u0131\u011f\u0131 Kart Dolum Merkezi \u00f6n\u00fcnde b\u0131rak\u0131lan \u015f\u00fcpheli \u00e7anta, k\u0131sa s\u00fcreli pani\u011fe neden oldu. \u0130hbar \u00fczerine b\u00f6lgeye&#8230;<\/p>\n","protected":false},"author":1,"featured_media":76409,"comment_status":"open","ping_status":"open","sticky":false,"template":"","format":"standard","meta":{"_crdt_document":"","footnotes":""},"categories":[5],"tags":[],"class_list":["post-76408","post","type-post","status-publish","format-standard","has-post-thumbnail","hentry","category-asayis"],"_links":{"self":[{"href":"https:\/\/www.egemtv.com\/index.php?rest_route=\/wp\/v2\/posts\/76408","targetHints":{"allow":["GET"]}}],"collection":[{"href":"https:\/\/www.egemtv.com\/index.php?rest_route=\/wp\/v2\/posts"}],"about":[{"href":"https:\/\/www.egemtv.com\/index.php?rest_route=\/wp\/v2\/types\/post"}],"author":[{"embeddable":true,"href":"https:\/\/www.egemtv.com\/index.php?rest_route=\/wp\/v2\/users\/1"}],"replies":[{"embeddable":true,"href":"https:\/\/www.egemtv.com\/index.php?rest_route=%2Fwp%2Fv2%2Fcomments&post=76408"}],"version-history":[{"count":1,"href":"https:\/\/www.egemtv.com\/index.php?rest_route=\/wp\/v2\/posts\/76408\/revisions"}],"predecessor-version":[{"id":76410,"href":"https:\/\/www.egemtv.com\/index.php?rest_route=\/wp\/v2\/posts\/76408\/revisions\/76410"}],"wp:featuredmedia":[{"embeddable":true,"href":"https:\/\/www.egemtv.com\/index.php?rest_route=\/wp\/v2\/media\/76409"}],"wp:attachment":[{"href":"https:\/\/www.egemtv.com\/index.php?rest_route=%2Fwp%2Fv2%2Fmedia&parent=76408"}],"wp:term":[{"taxonomy":"category","embeddable":true,"href":"https:\/\/www.egemtv.com\/index.php?rest_route=%2Fwp%2Fv2%2Fcategories&post=76408"},{"taxonomy":"post_tag","embeddable":true,"href":"https:\/\/www.egemtv.com\/index.php?rest_route=%2Fwp%2Fv2%2Ftags&post=76408"}],"curies":[{"name":"wp","href":"https:\/\/api.w.org\/{rel}","templated":true}]}}