{"id":76405,"date":"2025-12-24T18:34:38","date_gmt":"2025-12-24T15:34:38","guid":{"rendered":"https:\/\/www.egemtv.com\/?p=76405"},"modified":"2025-12-24T18:34:39","modified_gmt":"2025-12-24T15:34:39","slug":"vali-isin-kutahya-guvenlikte-turkiyeye-ornek-bir-sehir","status":"publish","type":"post","link":"https:\/\/www.egemtv.com\/?p=76405","title":{"rendered":"Vali I\u015f\u0131n: &#8220;K\u00fctahya, g\u00fcvenlikte T\u00fcrkiye\u2019ye \u00f6rnek bir \u015fehir\u2019\u2019"},"content":{"rendered":"<p>K\u00fctahya Valisi Musa I\u015f\u0131n, 2025 y\u0131l\u0131 boyunca il genelinde hayata ge\u00e7irilen yat\u0131r\u0131mlar, devam eden projeler ve hedefleri de\u011ferlendirdi. Vali I\u015f\u0131n, sahipsiz hayvanlardan turizme, ula\u015f\u0131m projelerinden g\u00fcvenli\u011fe kadar bir\u00e7ok alanda yap\u0131lan \u00e7al\u0131\u015fmalarla ilgili bilgi verdi.<br \/>\n<br \/>K\u00fctahya Valisi Musa I\u015f\u0131n, 2025 y\u0131l\u0131 boyunca il genelinde hayata ge\u00e7irilen yat\u0131r\u0131mlar, devam eden projeler ve gelecekteki hedefleri \u0130hlas Haber Ajans\u0131\u2019na de\u011ferlendirdi. Vali I\u015f\u0131n, \u015fehirde uzun y\u0131llard\u0131r s\u00fcren sahipsiz hayvan sorununa kal\u0131c\u0131 \u00e7\u00f6z\u00fcmler \u00fcretildi\u011fini s\u00f6yledi. I\u015f\u0131n, &#8220;Son d\u00f6nemde hayata ge\u00e7irilen \u00f6nemli hizmetlerden biri de sahipsiz hayvanlar meselesine kal\u0131c\u0131 \u00e7\u00f6z\u00fcmler \u00fcretmek oldu. Hepinizin bildi\u011fi gibi bu konu, \u00f6zellikle K\u00fctahya merkezde ve il\u00e7elerimizde uzun y\u0131llard\u0131r ciddi bir sorun olarak kar\u015f\u0131m\u0131zdayd\u0131. Gitti\u011fimiz her yerde vatanda\u015flar\u0131m\u0131zdan ayn\u0131 soruyu duyuyorduk, \u2018Bu sokak hayvanlar\u0131 meselesi ne olacak?\u2019 Bu soruna kay\u0131ts\u0131z kalmad\u0131k. K\u00fctahya merkez \u0130shak Seydi b\u00f6lgesinde 89 bin metrekarelik modern bir hayvan bar\u0131na\u011f\u0131 in\u015fa ettik ve bu tesisi incelemeye gelen \u00e7ok say\u0131da farkl\u0131 illerden kurumlar oldu, T\u00fcrkiye\u2019de \u00f6nemli bir tesis diyebiliriz. Tav\u015fanl\u0131\u2019da 45 bin metrekarelik bir tesis hayata ge\u00e7irildi. Emet il\u00e7emizde ise 15 bin metrekarelik alanda bar\u0131nak yap\u0131m \u00e7al\u0131\u015fmalar\u0131 devam ediyor, yak\u0131nda tamamlanacak. Toplanan hayvanlar\u0131n bak\u0131m ve beslenmeleri titizlikle yap\u0131lmaktad\u0131r. Bug\u00fcn geldi\u011fimiz noktada bu konu art\u0131k \u015fehir i\u00e7in b\u00fcy\u00fck bir problem olmaktan \u00e7\u0131km\u0131\u015ft\u0131r. \u015eu ana kadar yakla\u015f\u0131k 14 bine yak\u0131n k\u00f6pek topland\u0131&#8221; dedi.<\/p>\n<p>&#8220;K\u00fctahya turizmi i\u00e7in b\u00fcy\u00fck ad\u0131mlar at\u0131ld\u0131&#8221;<br \/>\n<br \/>Vali I\u015f\u0131n, K\u00fctahya \u015fehir merkezi ve Aizanoi Antik Kenti ba\u015fta olmak \u00fczere turizm projelerini de de\u011ferlendirerek, &#8220;Uzun s\u00fcredir \u00fczerinde durdu\u011fumuz ve ger\u00e7ekle\u015ftirdi\u011fimizde bu \u015fehir ad\u0131na b\u00fcy\u00fck bir g\u00f6n\u00fcl rahatl\u0131\u011f\u0131 ya\u015fayaca\u011f\u0131m iki temel konu vard\u0131. Bunlar\u0131 2025 y\u0131l\u0131nda toparlad\u0131k ve isti\u015fare yapt\u0131k. \u0130lki \u015fehir merkezi projeleridir. Saman Pazar\u0131 ve Bal\u0131kl\u0131 Caddesi d\u00fczenlemeleri ba\u015flat\u0131lacak. \u00d6dene\u011fi ayr\u0131ld\u0131, K\u00fclt\u00fcr Bakanl\u0131\u011f\u0131 taraf\u0131ndan y\u00fcr\u00fct\u00fclecek ve Cumhurba\u015fkanl\u0131\u011f\u0131 Strateji Ba\u015fkanl\u0131\u011f\u0131 onay verdi. \u0130kinci \u00f6nemli konu ise Aizanoi Antik Kenti. Allah nasip ederse 2026 y\u0131l\u0131n\u0131n Nisan ay\u0131nda ihale s\u00fcreci ba\u015flayacak. Tap\u0131nak restorasyonuyla ba\u015flayacak \u00e7al\u0131\u015fmalar, antik tiyatro ve stadyum ile devam edecek. Bu projeler tamamland\u0131\u011f\u0131nda K\u00fctahya, tarihi kimli\u011fine yeniden kavu\u015facak&#8221; ifadelerini kulland\u0131.<br \/>\n<br \/>Vali I\u015f\u0131n ayr\u0131ca Turizm Master Plan\u0131 kapsam\u0131nda k\u0131sa, orta ve uzun vadeli hedefler belirlendi\u011fini ifade etti. I\u015f\u0131n, &#8220;Alt\u0131 ayda bir de\u011ferlendirme toplant\u0131lar\u0131 yap\u0131lacak. Hangi kurum hangi a\u015famada sorumluluklar\u0131n\u0131 yerine getiriyor, hepsi takip edilecek. Bu s\u00fcrecin koordinasyonu \u015fahs\u0131m taraf\u0131ndan y\u00fcr\u00fct\u00fclecek&#8221; \u015feklinde konu\u015ftu.<\/p>\n<p>Ula\u015f\u0131mda \u00f6nemli yat\u0131r\u0131mlar<br \/>\n<br \/>K\u00fctahya\u2019n\u0131n ula\u015f\u0131m projelerinin \u00f6nemine de\u011finen Vali I\u015f\u0131n, \u0130stanbul-Antalya h\u0131zl\u0131 tren hatt\u0131n\u0131n Alayunt \u00fczerinden ge\u00e7ece\u011fini a\u00e7\u0131klayarak, &#8220;\u015eehir merkezine yakla\u015f\u0131k 4-5 kilometre mesafede bir istasyon olacak. Bu hat sayesinde K\u00fctahyal\u0131 vatanda\u015flar\u0131m\u0131z h\u0131zl\u0131 trenle b\u00fcy\u00fck \u015fehirlere rahatl\u0131kla ula\u015fabilecek. Ayr\u0131ca \u0130stanbul-Antalya otoyolu da K\u00fctahya\u2019dan ge\u00e7ecek. Her iki projenin planlamas\u0131 tamamland\u0131, 2027 y\u0131l\u0131nda in\u015faat s\u00fcreci ba\u015flayacak&#8221; dedi.<\/p>\n<p>&#8220;K\u00fctahya g\u00fcvenlik ve asayi\u015fte \u00f6rnek il&#8221;<br \/>\n<br \/>Vali I\u015f\u0131n, K\u00fctahya\u2019n\u0131n g\u00fcvenlik durumunu ise \u015fu s\u00f6zlerle \u00f6zetledi:<br \/>\n<br \/>&#8220;K\u00fctahya, g\u00fcvenlik ve huzur denildi\u011finde \u00fclkemizde \u00f6rnek g\u00f6sterilebilecek \u015fehirlerimizden biridir. Asayi\u015fin yan\u0131 s\u0131ra uyu\u015fturucuyla m\u00fccadelede de etkin \u00f6nlemler al\u0131yoruz. Pek \u00e7ok \u015fehirle k\u0131yasland\u0131\u011f\u0131nda K\u00fctahya\u2019da uyu\u015fturucu kullan\u0131m\u0131nda kayda de\u011fer art\u0131\u015f yok. Bu m\u00fccadelenin ne kadar do\u011fru y\u00fcr\u00fct\u00fcld\u00fc\u011f\u00fcn\u00fc g\u00f6stermektedir. Uyu\u015fturucu, toplumun gelece\u011fini tehdit eden, ter\u00f6rden bile daha tehlikeli bir belad\u0131r.&#8221;<\/p>\n<p>Organize sanayi b\u00f6lgelerinde yat\u0131r\u0131mlar<br \/>\n<br \/>Simav OSB\u2019de \u00e7al\u0131\u015fmalar\u0131n h\u0131z kazand\u0131\u011f\u0131n\u0131 belirten Vali I\u015f\u0131n, &#8220;Bin 500 metrek\u00fcpl\u00fck su deposu tamamland\u0131, elektrik, ayd\u0131nlatma ve telekom altyap\u0131s\u0131nda \u00f6nemli ilerleme sa\u011fland\u0131. 2026 y\u0131l\u0131 yat\u0131r\u0131m b\u00fct\u00e7esi 664 milyon 180 bin lira olarak belirlendi. Simav\u2019\u0131n jeotermal tar\u0131m potansiyeli g\u00fc\u00e7leniyor&#8221; dedi.<br \/>\n<br \/>Zafer OSB\u2019nin a\u00e7\u0131l\u0131\u015f\u0131yla ilgili de m\u00fcjde veren Vali I\u015f\u0131n, &#8220;2025 y\u0131l\u0131 i\u00e7erisinde ivme kazand\u0131rd\u0131\u011f\u0131m\u0131z projelerden biri de Zafer OSB oldu. \u0130n\u015fallah 2026 y\u0131l\u0131n\u0131n Ocak ay\u0131nda, Cumhurba\u015fkan\u0131 Yard\u0131mc\u0131m\u0131z Cevdet Y\u0131lmaz\u2019\u0131n kat\u0131l\u0131m\u0131yla Alt\u0131nta\u015f Zafer OSB\u2019nin a\u00e7\u0131l\u0131\u015f\u0131n\u0131 hep birlikte ger\u00e7ekle\u015ftirece\u011fiz&#8221; diye konu\u015ftu.<br \/><\/p>\n","protected":false},"excerpt":{"rendered":"<p>K\u00fctahya Valisi Musa I\u015f\u0131n, 2025 y\u0131l\u0131 boyunca il genelinde hayata ge\u00e7irilen yat\u0131r\u0131mlar, devam eden projeler ve hedefleri de\u011ferlendirdi. Vali I\u015f\u0131n, sahipsiz hayvanlardan turizme, ula\u015f\u0131m projelerinden g\u00fcvenli\u011fe kadar bir\u00e7ok alanda yap\u0131lan \u00e7al\u0131\u015fmalarla ilgili bilgi verdi. K\u00fctahya Valisi Musa I\u015f\u0131n, 2025 y\u0131l\u0131 boyunca il genelinde hayata ge\u00e7irilen yat\u0131r\u0131mlar, devam eden projeler ve gelecekteki hedefleri \u0130hlas Haber Ajans\u0131\u2019na&#8230;<\/p>\n","protected":false},"author":1,"featured_media":76406,"comment_status":"open","ping_status":"open","sticky":false,"template":"","format":"standard","meta":{"_crdt_document":"","footnotes":""},"categories":[123],"tags":[],"class_list":["post-76405","post","type-post","status-publish","format-standard","has-post-thumbnail","hentry","category-gundem"],"_links":{"self":[{"href":"https:\/\/www.egemtv.com\/index.php?rest_route=\/wp\/v2\/posts\/76405","targetHints":{"allow":["GET"]}}],"collection":[{"href":"https:\/\/www.egemtv.com\/index.php?rest_route=\/wp\/v2\/posts"}],"about":[{"href":"https:\/\/www.egemtv.com\/index.php?rest_route=\/wp\/v2\/types\/post"}],"author":[{"embeddable":true,"href":"https:\/\/www.egemtv.com\/index.php?rest_route=\/wp\/v2\/users\/1"}],"replies":[{"embeddable":true,"href":"https:\/\/www.egemtv.com\/index.php?rest_route=%2Fwp%2Fv2%2Fcomments&post=76405"}],"version-history":[{"count":1,"href":"https:\/\/www.egemtv.com\/index.php?rest_route=\/wp\/v2\/posts\/76405\/revisions"}],"predecessor-version":[{"id":76407,"href":"https:\/\/www.egemtv.com\/index.php?rest_route=\/wp\/v2\/posts\/76405\/revisions\/76407"}],"wp:featuredmedia":[{"embeddable":true,"href":"https:\/\/www.egemtv.com\/index.php?rest_route=\/wp\/v2\/media\/76406"}],"wp:attachment":[{"href":"https:\/\/www.egemtv.com\/index.php?rest_route=%2Fwp%2Fv2%2Fmedia&parent=76405"}],"wp:term":[{"taxonomy":"category","embeddable":true,"href":"https:\/\/www.egemtv.com\/index.php?rest_route=%2Fwp%2Fv2%2Fcategories&post=76405"},{"taxonomy":"post_tag","embeddable":true,"href":"https:\/\/www.egemtv.com\/index.php?rest_route=%2Fwp%2Fv2%2Ftags&post=76405"}],"curies":[{"name":"wp","href":"https:\/\/api.w.org\/{rel}","templated":true}]}}