{"id":76402,"date":"2025-12-24T18:34:37","date_gmt":"2025-12-24T15:34:37","guid":{"rendered":"https:\/\/www.egemtv.com\/?p=76402"},"modified":"2025-12-24T18:34:38","modified_gmt":"2025-12-24T15:34:38","slug":"8-yildir-aranan-feto-firarisi-kadin-fethiyede-yakalandi","status":"publish","type":"post","link":"https:\/\/www.egemtv.com\/?p=76402","title":{"rendered":"8 y\u0131ld\u0131r aranan FET\u00d6 firarisi kad\u0131n Fethiye\u2019de yakaland\u0131"},"content":{"rendered":"<p>Mu\u011fla Emniyet M\u00fcd\u00fcrl\u00fc\u011f\u00fc\u2019ne ba\u011fl\u0131 \u0130stihbarat, KOM ve Fethiye \u0130l\u00e7e Emniyet M\u00fcd\u00fcrl\u00fc\u011f\u00fc ekiplerinin ortak \u00e7al\u0131\u015fmas\u0131yla, FET\u00d6 silahl\u0131 ter\u00f6r \u00f6rg\u00fct\u00fcne \u00fcye olmak su\u00e7undan 8 y\u0131ld\u0131r firari olan \u015fah\u0131s yakalanarak cezaevine teslim edildi.<br \/>\n<br \/>Mu\u011fla \u0130l Emniyet M\u00fcd\u00fcrl\u00fc\u011f\u00fc ekipleri, FET\u00d6 silahl\u0131 ter\u00f6r \u00f6rg\u00fct\u00fc mensuplar\u0131n\u0131n faaliyetlerinin de\u015fifresi, engellenmesi ve firari \u015fah\u0131slar\u0131n yakalanmas\u0131na y\u00f6nelik \u00e7al\u0131\u015fmalar\u0131n\u0131 s\u00fcrd\u00fcr\u00fcyor. Bu kapsamda \u0130stihbarat \u015eube M\u00fcd\u00fcrl\u00fc\u011f\u00fc, Ka\u00e7ak\u00e7\u0131l\u0131k ve Organize Su\u00e7larla M\u00fccadele \u015eube M\u00fcd\u00fcrl\u00fc\u011f\u00fc ile Fethiye \u0130l\u00e7e Emniyet M\u00fcd\u00fcrl\u00fc\u011f\u00fc ekiplerince y\u00fcr\u00fct\u00fclen m\u00fc\u015fterek \u00e7al\u0131\u015fmalarda, &#8220;Silahl\u0131 Ter\u00f6r \u00d6rg\u00fct\u00fcne \u00dcye Olmak&#8221; su\u00e7undan yakla\u015f\u0131k 8 y\u0131ld\u0131r firari olarak aranan E.\u00d6. isimli \u015fah\u0131s Fethiye il\u00e7esinde yakaland\u0131.<br \/>\n<br \/>Yap\u0131lan kimlik sorgulamas\u0131nda \u015fahs\u0131n, karde\u015fi D.\u00d6.\u2019ye ait kimlik bilgilerini ibraz etti\u011fi tespit edildi. Bu nedenle E.\u00d6. hakk\u0131nda ayr\u0131ca &#8220;Ba\u015fkalar\u0131na Ait Kimlik Bilgilerini Kullanmak&#8221; su\u00e7undan, karde\u015fi D.\u00d6. hakk\u0131nda ise &#8220;Su\u00e7luyu Kay\u0131rmak&#8221; su\u00e7undan adli i\u015flem yap\u0131ld\u0131.<br \/>\n<br \/>Yakalanan E.\u00d6., FET\u00d6 silahl\u0131 ter\u00f6r \u00f6rg\u00fct\u00fcne \u00fcye olma su\u00e7undan y\u00fcr\u00fct\u00fclen adli i\u015flemlerinin ard\u0131ndan cezaevine teslim edildi.<br \/><\/p>\n","protected":false},"excerpt":{"rendered":"<p>Mu\u011fla Emniyet M\u00fcd\u00fcrl\u00fc\u011f\u00fc\u2019ne ba\u011fl\u0131 \u0130stihbarat, KOM ve Fethiye \u0130l\u00e7e Emniyet M\u00fcd\u00fcrl\u00fc\u011f\u00fc ekiplerinin ortak \u00e7al\u0131\u015fmas\u0131yla, FET\u00d6 silahl\u0131 ter\u00f6r \u00f6rg\u00fct\u00fcne \u00fcye olmak su\u00e7undan 8 y\u0131ld\u0131r firari olan \u015fah\u0131s yakalanarak cezaevine teslim edildi. Mu\u011fla \u0130l Emniyet M\u00fcd\u00fcrl\u00fc\u011f\u00fc ekipleri, FET\u00d6 silahl\u0131 ter\u00f6r \u00f6rg\u00fct\u00fc mensuplar\u0131n\u0131n faaliyetlerinin de\u015fifresi, engellenmesi ve firari \u015fah\u0131slar\u0131n yakalanmas\u0131na y\u00f6nelik \u00e7al\u0131\u015fmalar\u0131n\u0131 s\u00fcrd\u00fcr\u00fcyor. Bu kapsamda \u0130stihbarat \u015eube M\u00fcd\u00fcrl\u00fc\u011f\u00fc,&#8230;<\/p>\n","protected":false},"author":1,"featured_media":76403,"comment_status":"open","ping_status":"open","sticky":false,"template":"","format":"standard","meta":{"_crdt_document":"","footnotes":""},"categories":[5],"tags":[],"class_list":["post-76402","post","type-post","status-publish","format-standard","has-post-thumbnail","hentry","category-asayis"],"_links":{"self":[{"href":"https:\/\/www.egemtv.com\/index.php?rest_route=\/wp\/v2\/posts\/76402","targetHints":{"allow":["GET"]}}],"collection":[{"href":"https:\/\/www.egemtv.com\/index.php?rest_route=\/wp\/v2\/posts"}],"about":[{"href":"https:\/\/www.egemtv.com\/index.php?rest_route=\/wp\/v2\/types\/post"}],"author":[{"embeddable":true,"href":"https:\/\/www.egemtv.com\/index.php?rest_route=\/wp\/v2\/users\/1"}],"replies":[{"embeddable":true,"href":"https:\/\/www.egemtv.com\/index.php?rest_route=%2Fwp%2Fv2%2Fcomments&post=76402"}],"version-history":[{"count":1,"href":"https:\/\/www.egemtv.com\/index.php?rest_route=\/wp\/v2\/posts\/76402\/revisions"}],"predecessor-version":[{"id":76404,"href":"https:\/\/www.egemtv.com\/index.php?rest_route=\/wp\/v2\/posts\/76402\/revisions\/76404"}],"wp:featuredmedia":[{"embeddable":true,"href":"https:\/\/www.egemtv.com\/index.php?rest_route=\/wp\/v2\/media\/76403"}],"wp:attachment":[{"href":"https:\/\/www.egemtv.com\/index.php?rest_route=%2Fwp%2Fv2%2Fmedia&parent=76402"}],"wp:term":[{"taxonomy":"category","embeddable":true,"href":"https:\/\/www.egemtv.com\/index.php?rest_route=%2Fwp%2Fv2%2Fcategories&post=76402"},{"taxonomy":"post_tag","embeddable":true,"href":"https:\/\/www.egemtv.com\/index.php?rest_route=%2Fwp%2Fv2%2Ftags&post=76402"}],"curies":[{"name":"wp","href":"https:\/\/api.w.org\/{rel}","templated":true}]}}