{"id":76399,"date":"2025-12-24T18:14:46","date_gmt":"2025-12-24T15:14:46","guid":{"rendered":"https:\/\/www.egemtv.com\/?p=76399"},"modified":"2025-12-24T18:14:47","modified_gmt":"2025-12-24T15:14:47","slug":"burdurda-yolcu-otobusunun-trafik-guvenligini-tehlikeye-sokan-surucuye-ceza","status":"publish","type":"post","link":"https:\/\/www.egemtv.com\/?p=76399","title":{"rendered":"Burdur\u2019da yolcu otob\u00fcs\u00fcn\u00fcn trafik g\u00fcvenli\u011fini tehlikeye sokan s\u00fcr\u00fcc\u00fcye ceza"},"content":{"rendered":"<p>Burdur\u2019da di\u011fer s\u00fcr\u00fcc\u00fclerin can ve mal g\u00fcvenli\u011fini tehlikeye d\u00fc\u015f\u00fcrecek \u015fekilde ara\u00e7 kullanan s\u00fcr\u00fcc\u00fcye, cezai i\u015flem uygulan\u0131rken s\u00fcr\u00fcc\u00fcn\u00fcn ehliyeti 2 ay s\u00fcreyle geri al\u0131nd\u0131.<br \/>\n<br \/>Edinilen bilgiye g\u00f6re, Burdur \u0130l Emniyet M\u00fcd\u00fcrl\u00fc\u011f\u00fc ekipleri, Burdur\u2019un Bucak il\u00e7esinde, yolcu otob\u00fcs\u00fc ve di\u011fer s\u00fcr\u00fcc\u00fclerin can ve mal g\u00fcvenli\u011fini tehlikeye d\u00fc\u015f\u00fcrecek \u015fekilde ara\u00e7 kulland\u0131\u011f\u0131 ihbar\u0131 \u00fczerine harekete ge\u00e7ti. Ekipler taraf\u0131ndan yap\u0131lan \u00e7al\u0131\u015fmalar neticesinde s\u00f6z konusu s\u00fcr\u00fcc\u00fc tespit edilerek, tehlikeli \u015ferit de\u011fi\u015ftirme, en soldaki \u015feridi s\u00fcrekli i\u015fgal etme, trafik kurallar\u0131na uymamak, gereksiz ve tehlikeli ani yava\u015flama, tedbirsiz ve sayg\u0131s\u0131z ara\u00e7 kullan\u0131m\u0131, emniyet kemeri bulundurmamak veya kullanmamak maddeleri \u00e7er\u00e7evesinde trafik idari para cezas\u0131 uyguland\u0131. 100 ceza puan\u0131na ula\u015fmas\u0131 sebebiyle s\u00fcr\u00fcc\u00fc belgesi, Karayollar\u0131 Trafik Kanunu ve ilgili mevzuat \u00e7er\u00e7evesinde 2 ay s\u00fcreyle ge\u00e7ici olarak geri al\u0131nd\u0131.<br \/><\/p>\n","protected":false},"excerpt":{"rendered":"<p>Burdur\u2019da di\u011fer s\u00fcr\u00fcc\u00fclerin can ve mal g\u00fcvenli\u011fini tehlikeye d\u00fc\u015f\u00fcrecek \u015fekilde ara\u00e7 kullanan s\u00fcr\u00fcc\u00fcye, cezai i\u015flem uygulan\u0131rken s\u00fcr\u00fcc\u00fcn\u00fcn ehliyeti 2 ay s\u00fcreyle geri al\u0131nd\u0131. Edinilen bilgiye g\u00f6re, Burdur \u0130l Emniyet M\u00fcd\u00fcrl\u00fc\u011f\u00fc ekipleri, Burdur\u2019un Bucak il\u00e7esinde, yolcu otob\u00fcs\u00fc ve di\u011fer s\u00fcr\u00fcc\u00fclerin can ve mal g\u00fcvenli\u011fini tehlikeye d\u00fc\u015f\u00fcrecek \u015fekilde ara\u00e7 kulland\u0131\u011f\u0131 ihbar\u0131 \u00fczerine harekete ge\u00e7ti. Ekipler taraf\u0131ndan yap\u0131lan&#8230;<\/p>\n","protected":false},"author":1,"featured_media":76400,"comment_status":"open","ping_status":"open","sticky":false,"template":"","format":"standard","meta":{"_crdt_document":"","footnotes":""},"categories":[5],"tags":[],"class_list":["post-76399","post","type-post","status-publish","format-standard","has-post-thumbnail","hentry","category-asayis"],"_links":{"self":[{"href":"https:\/\/www.egemtv.com\/index.php?rest_route=\/wp\/v2\/posts\/76399","targetHints":{"allow":["GET"]}}],"collection":[{"href":"https:\/\/www.egemtv.com\/index.php?rest_route=\/wp\/v2\/posts"}],"about":[{"href":"https:\/\/www.egemtv.com\/index.php?rest_route=\/wp\/v2\/types\/post"}],"author":[{"embeddable":true,"href":"https:\/\/www.egemtv.com\/index.php?rest_route=\/wp\/v2\/users\/1"}],"replies":[{"embeddable":true,"href":"https:\/\/www.egemtv.com\/index.php?rest_route=%2Fwp%2Fv2%2Fcomments&post=76399"}],"version-history":[{"count":1,"href":"https:\/\/www.egemtv.com\/index.php?rest_route=\/wp\/v2\/posts\/76399\/revisions"}],"predecessor-version":[{"id":76401,"href":"https:\/\/www.egemtv.com\/index.php?rest_route=\/wp\/v2\/posts\/76399\/revisions\/76401"}],"wp:featuredmedia":[{"embeddable":true,"href":"https:\/\/www.egemtv.com\/index.php?rest_route=\/wp\/v2\/media\/76400"}],"wp:attachment":[{"href":"https:\/\/www.egemtv.com\/index.php?rest_route=%2Fwp%2Fv2%2Fmedia&parent=76399"}],"wp:term":[{"taxonomy":"category","embeddable":true,"href":"https:\/\/www.egemtv.com\/index.php?rest_route=%2Fwp%2Fv2%2Fcategories&post=76399"},{"taxonomy":"post_tag","embeddable":true,"href":"https:\/\/www.egemtv.com\/index.php?rest_route=%2Fwp%2Fv2%2Ftags&post=76399"}],"curies":[{"name":"wp","href":"https:\/\/api.w.org\/{rel}","templated":true}]}}