{"id":76396,"date":"2025-12-24T18:14:45","date_gmt":"2025-12-24T15:14:45","guid":{"rendered":"https:\/\/www.egemtv.com\/?p=76396"},"modified":"2025-12-24T18:14:46","modified_gmt":"2025-12-24T15:14:46","slug":"burdurda-jandarmadan-trafik-denetimi-502-arac-ve-surucusune-para-cezasi","status":"publish","type":"post","link":"https:\/\/www.egemtv.com\/?p=76396","title":{"rendered":"Burdur\u2019da jandarmadan trafik denetimi: 502 ara\u00e7 ve s\u00fcr\u00fcc\u00fcs\u00fcne para cezas\u0131"},"content":{"rendered":"<p>Burdur\u2019da jandarma ekipleri taraf\u0131ndan yap\u0131lan denetimlerde 13 bin 851 ara\u00e7 ve s\u00fcr\u00fcc\u00fcs\u00fc kontrol edilirken 502 ara\u00e7 ve s\u00fcr\u00fcc\u00fcs\u00fcne idari para cezas\u0131 uyguland\u0131.<br \/>\n<br \/>Edinilen bilgiye g\u00f6re, kolluk birimleri taraf\u0131ndan vatanda\u015flar\u0131n huzuru ve trafik g\u00fcvenli\u011finin sa\u011flanmas\u0131na y\u00f6nelik y\u00fcr\u00fct\u00fclen uygulamalara kapsaml\u0131 bir \u015fekilde devam edilmektedir. Bu \u00e7er\u00e7evede, \u0130l Jandarma Komutanl\u0131\u011f\u0131 sorumluluk b\u00f6lgesinde bulunan yol g\u00fczergahlar\u0131nda yolcu ta\u015f\u0131yan ara\u00e7lar, motosiklet kullanan s\u00fcr\u00fcc\u00fcler, h\u0131z limitlerine uymayan ara\u00e7lar, emniyet kemeri ve kask kullan\u0131m\u0131na y\u00f6nelik 15-21 Aral\u0131k 2025 tarihleri aras\u0131nda trafik denetimi ger\u00e7ekle\u015ftirildi. Uygulamalar sonucunda 13 bin 851 ara\u00e7 ve s\u00fcr\u00fcc\u00fcs\u00fc kontrol edilirken, trafik kurallar\u0131na uymayan 502 ara\u00e7 ve s\u00fcr\u00fcc\u00fcs\u00fcne idari ceza yapt\u0131r\u0131m uyguland\u0131, 87 ara\u00e7 trafikten men edildi.<br \/><\/p>\n","protected":false},"excerpt":{"rendered":"<p>Burdur\u2019da jandarma ekipleri taraf\u0131ndan yap\u0131lan denetimlerde 13 bin 851 ara\u00e7 ve s\u00fcr\u00fcc\u00fcs\u00fc kontrol edilirken 502 ara\u00e7 ve s\u00fcr\u00fcc\u00fcs\u00fcne idari para cezas\u0131 uyguland\u0131. Edinilen bilgiye g\u00f6re, kolluk birimleri taraf\u0131ndan vatanda\u015flar\u0131n huzuru ve trafik g\u00fcvenli\u011finin sa\u011flanmas\u0131na y\u00f6nelik y\u00fcr\u00fct\u00fclen uygulamalara kapsaml\u0131 bir \u015fekilde devam edilmektedir. Bu \u00e7er\u00e7evede, \u0130l Jandarma Komutanl\u0131\u011f\u0131 sorumluluk b\u00f6lgesinde bulunan yol g\u00fczergahlar\u0131nda yolcu ta\u015f\u0131yan ara\u00e7lar,&#8230;<\/p>\n","protected":false},"author":1,"featured_media":76397,"comment_status":"open","ping_status":"open","sticky":false,"template":"","format":"standard","meta":{"_crdt_document":"","footnotes":""},"categories":[5],"tags":[],"class_list":["post-76396","post","type-post","status-publish","format-standard","has-post-thumbnail","hentry","category-asayis"],"_links":{"self":[{"href":"https:\/\/www.egemtv.com\/index.php?rest_route=\/wp\/v2\/posts\/76396","targetHints":{"allow":["GET"]}}],"collection":[{"href":"https:\/\/www.egemtv.com\/index.php?rest_route=\/wp\/v2\/posts"}],"about":[{"href":"https:\/\/www.egemtv.com\/index.php?rest_route=\/wp\/v2\/types\/post"}],"author":[{"embeddable":true,"href":"https:\/\/www.egemtv.com\/index.php?rest_route=\/wp\/v2\/users\/1"}],"replies":[{"embeddable":true,"href":"https:\/\/www.egemtv.com\/index.php?rest_route=%2Fwp%2Fv2%2Fcomments&post=76396"}],"version-history":[{"count":1,"href":"https:\/\/www.egemtv.com\/index.php?rest_route=\/wp\/v2\/posts\/76396\/revisions"}],"predecessor-version":[{"id":76398,"href":"https:\/\/www.egemtv.com\/index.php?rest_route=\/wp\/v2\/posts\/76396\/revisions\/76398"}],"wp:featuredmedia":[{"embeddable":true,"href":"https:\/\/www.egemtv.com\/index.php?rest_route=\/wp\/v2\/media\/76397"}],"wp:attachment":[{"href":"https:\/\/www.egemtv.com\/index.php?rest_route=%2Fwp%2Fv2%2Fmedia&parent=76396"}],"wp:term":[{"taxonomy":"category","embeddable":true,"href":"https:\/\/www.egemtv.com\/index.php?rest_route=%2Fwp%2Fv2%2Fcategories&post=76396"},{"taxonomy":"post_tag","embeddable":true,"href":"https:\/\/www.egemtv.com\/index.php?rest_route=%2Fwp%2Fv2%2Ftags&post=76396"}],"curies":[{"name":"wp","href":"https:\/\/api.w.org\/{rel}","templated":true}]}}