{"id":76393,"date":"2025-12-24T17:55:41","date_gmt":"2025-12-24T14:55:41","guid":{"rendered":"https:\/\/www.egemtv.com\/?p=76393"},"modified":"2025-12-24T17:55:42","modified_gmt":"2025-12-24T14:55:42","slug":"aydinlatma-diregine-sikisan-buzagiyi-itfaiye-ekipleri-kurtardi","status":"publish","type":"post","link":"https:\/\/www.egemtv.com\/?p=76393","title":{"rendered":"Ayd\u0131nlatma dire\u011fine s\u0131k\u0131\u015fan buza\u011f\u0131y\u0131 itfaiye ekipleri kurtard\u0131"},"content":{"rendered":"<p>Mu\u011fla\u2019n\u0131n Milas il\u00e7esinde ayd\u0131nlatma dire\u011fine s\u0131k\u0131\u015farak mahsur kalan buza\u011f\u0131y\u0131 itfaiye ekipleri kurtard\u0131.<\/p>\n<p>Olay, \u0130kizta\u015f Mahallesi\u2019nde meydana geldi. Edinilen bilgiye g\u00f6re, D.A. isimli bir kad\u0131na ait buza\u011f\u0131 ayd\u0131nlatma dire\u011finde s\u0131k\u0131\u015farak mahsur kald\u0131. Buza\u011f\u0131y\u0131 kendi imkanlar\u0131 ile bulundu\u011fu yerden \u00e7\u0131kartamayan vatanda\u015flar durumu 112 Acil \u00c7a\u011fr\u0131 Merkezi\u2019ne bildirdi. \u0130hbar \u00fczerine b\u00f6lgeye Mu\u011fla B\u00fcy\u00fck\u015fehir Belediyesi \u0130tfaiye Daire Ba\u015fkanl\u0131\u011f\u0131 ekipleri sevk edildi. K\u0131sa s\u00fcrede olay yerine gelen itfaiye ekipleri buza\u011f\u0131y\u0131 kurtarmak i\u00e7in \u00e7al\u0131\u015fma ba\u015flatt\u0131. Ekiplerin u\u011fra\u015flar\u0131 sonucu ayd\u0131nlatma dire\u011findeki demirler geni\u015fletilerek s\u0131k\u0131\u015fan buza\u011f\u0131 bulundu\u011fu yerden \u00e7\u0131kart\u0131larak sahibine teslim edildi.<\/p>\n","protected":false},"excerpt":{"rendered":"<p>Mu\u011fla\u2019n\u0131n Milas il\u00e7esinde ayd\u0131nlatma dire\u011fine s\u0131k\u0131\u015farak mahsur kalan buza\u011f\u0131y\u0131 itfaiye ekipleri kurtard\u0131. Olay, \u0130kizta\u015f Mahallesi\u2019nde meydana geldi. Edinilen bilgiye g\u00f6re, D.A. isimli bir kad\u0131na ait buza\u011f\u0131 ayd\u0131nlatma dire\u011finde s\u0131k\u0131\u015farak mahsur kald\u0131. Buza\u011f\u0131y\u0131 kendi imkanlar\u0131 ile bulundu\u011fu yerden \u00e7\u0131kartamayan vatanda\u015flar durumu 112 Acil \u00c7a\u011fr\u0131 Merkezi\u2019ne bildirdi. \u0130hbar \u00fczerine b\u00f6lgeye Mu\u011fla B\u00fcy\u00fck\u015fehir Belediyesi \u0130tfaiye Daire Ba\u015fkanl\u0131\u011f\u0131 ekipleri&#8230;<\/p>\n","protected":false},"author":1,"featured_media":76394,"comment_status":"open","ping_status":"open","sticky":false,"template":"","format":"standard","meta":{"_crdt_document":"","footnotes":""},"categories":[5],"tags":[],"class_list":["post-76393","post","type-post","status-publish","format-standard","has-post-thumbnail","hentry","category-asayis"],"_links":{"self":[{"href":"https:\/\/www.egemtv.com\/index.php?rest_route=\/wp\/v2\/posts\/76393","targetHints":{"allow":["GET"]}}],"collection":[{"href":"https:\/\/www.egemtv.com\/index.php?rest_route=\/wp\/v2\/posts"}],"about":[{"href":"https:\/\/www.egemtv.com\/index.php?rest_route=\/wp\/v2\/types\/post"}],"author":[{"embeddable":true,"href":"https:\/\/www.egemtv.com\/index.php?rest_route=\/wp\/v2\/users\/1"}],"replies":[{"embeddable":true,"href":"https:\/\/www.egemtv.com\/index.php?rest_route=%2Fwp%2Fv2%2Fcomments&post=76393"}],"version-history":[{"count":1,"href":"https:\/\/www.egemtv.com\/index.php?rest_route=\/wp\/v2\/posts\/76393\/revisions"}],"predecessor-version":[{"id":76395,"href":"https:\/\/www.egemtv.com\/index.php?rest_route=\/wp\/v2\/posts\/76393\/revisions\/76395"}],"wp:featuredmedia":[{"embeddable":true,"href":"https:\/\/www.egemtv.com\/index.php?rest_route=\/wp\/v2\/media\/76394"}],"wp:attachment":[{"href":"https:\/\/www.egemtv.com\/index.php?rest_route=%2Fwp%2Fv2%2Fmedia&parent=76393"}],"wp:term":[{"taxonomy":"category","embeddable":true,"href":"https:\/\/www.egemtv.com\/index.php?rest_route=%2Fwp%2Fv2%2Fcategories&post=76393"},{"taxonomy":"post_tag","embeddable":true,"href":"https:\/\/www.egemtv.com\/index.php?rest_route=%2Fwp%2Fv2%2Ftags&post=76393"}],"curies":[{"name":"wp","href":"https:\/\/api.w.org\/{rel}","templated":true}]}}