{"id":76390,"date":"2025-12-24T17:55:40","date_gmt":"2025-12-24T14:55:40","guid":{"rendered":"https:\/\/www.egemtv.com\/?p=76390"},"modified":"2025-12-24T17:55:41","modified_gmt":"2025-12-24T14:55:41","slug":"baskan-gunelden-sindirgiya-dayanisma-ziyareti","status":"publish","type":"post","link":"https:\/\/www.egemtv.com\/?p=76390","title":{"rendered":"Ba\u015fkan G\u00fcnel\u2019den S\u0131nd\u0131rg\u0131\u2019ya dayan\u0131\u015fma ziyareti"},"content":{"rendered":"<p>Ku\u015fadas\u0131 Belediye Ba\u015fkan\u0131 \u00d6mer G\u00fcnel, S\u0131nd\u0131rg\u0131 Belediye Ba\u015fkan\u0131 ve ayn\u0131 zamanda Do\u011fal \u015eehirler Birli\u011fi Kurucu \u00dcyesi Serkan Sak\u2019\u0131 makam\u0131nda ziyaret etti. Ziyarette, iki belediye aras\u0131nda y\u00fcr\u00fct\u00fclen \u00e7al\u0131\u015fmalar ile yerel y\u00f6netimlerde dayan\u0131\u015fman\u0131n \u00f6nemi \u00fczerine fikir al\u0131\u015fveri\u015finde bulunuldu.<\/p>\n<p>Ziyaret s\u0131ras\u0131nda, ge\u00e7ti\u011fimiz y\u0131l 27 Ekim\u2019de S\u0131nd\u0131rg\u0131\u2019da meydana gelen deprem de g\u00fcndeme geldi. Depremin hemen ard\u0131ndan, Ku\u015fadas\u0131 Belediyesi taraf\u0131ndan depremzedelere sa\u011flanan \u00e7ad\u0131r deste\u011fi nedeniyle Ba\u015fkan Serkan Sak, Ba\u015fkan \u00d6mer G\u00fcnel\u2019e te\u015fekk\u00fcrlerini iletti.<\/p>\n<p>Ba\u015fkan G\u00fcnel, deprem s\u00fcrecine ili\u015fkin yapt\u0131\u011f\u0131 de\u011ferlendirmede, &#8220;Her zaman oldu\u011fu gibi o g\u00fcnlerde de sosyal belediyecilik anlay\u0131\u015f\u0131m\u0131z\u0131 \u00f6n planda tutarak depremde ihtiya\u00e7 sahibi olan vatanda\u015flar\u0131m\u0131za \u00e7ad\u0131r deste\u011finde bulunduk. Temennimiz, bu t\u00fcr ac\u0131lar\u0131n bir daha ya\u015fanmamas\u0131. Buradan her iki belediye ba\u015fkan\u0131 olarak ortak bir \u00e7a\u011fr\u0131da bulunmak istiyoruz. Ba\u015f\u0131m\u0131za bir felaket gelmesini beklemeden hem Ku\u015fadas\u0131\u2019nda hem de S\u0131nd\u0131rg\u0131\u2019da yap\u0131 stokunun yenilenmesi ve kentsel d\u00f6n\u00fc\u015f\u00fcm i\u00e7in gereken t\u00fcm planlamalar\u0131n bir an \u00f6nce bitmesi laz\u0131m&#8221; ifadelerini kulland\u0131.<\/p>\n<p>Halen Do\u011fal \u015eehirler Birli\u011fi Ba\u015fkanl\u0131\u011f\u0131 g\u00f6revini y\u00fcr\u00fcten \u00d6mer G\u00fcnel, S\u0131nd\u0131rg\u0131 ziyaretinde depremden etkilenen vatanda\u015flarla da bir araya geldi. G\u00fcnel, Ku\u015fadal\u0131lar\u2019\u0131n depremzedelerle olan dayan\u0131\u015fmas\u0131n\u0131n yaln\u0131zca afet anlar\u0131yla s\u0131n\u0131rl\u0131 olmad\u0131\u011f\u0131n\u0131 vurgulayarak, bundan sonraki s\u00fcre\u00e7te de g\u00f6n\u00fcl ba\u011f\u0131n\u0131n s\u00fcrece\u011fini ifade etti.<\/p>\n<p>Ziyaret, Ba\u015fkan \u00d6mer G\u00fcnel\u2019in S\u0131nd\u0131rg\u0131 Belediye Ba\u015fkan\u0131 Serkan Sak\u2019a g\u00f6sterilen misafirperverlik ve nezaket i\u00e7in te\u015fekk\u00fcr etmesiyle sona erdi.<br \/><\/p>\n","protected":false},"excerpt":{"rendered":"<p>Ku\u015fadas\u0131 Belediye Ba\u015fkan\u0131 \u00d6mer G\u00fcnel, S\u0131nd\u0131rg\u0131 Belediye Ba\u015fkan\u0131 ve ayn\u0131 zamanda Do\u011fal \u015eehirler Birli\u011fi Kurucu \u00dcyesi Serkan Sak\u2019\u0131 makam\u0131nda ziyaret etti. Ziyarette, iki belediye aras\u0131nda y\u00fcr\u00fct\u00fclen \u00e7al\u0131\u015fmalar ile yerel y\u00f6netimlerde dayan\u0131\u015fman\u0131n \u00f6nemi \u00fczerine fikir al\u0131\u015fveri\u015finde bulunuldu. Ziyaret s\u0131ras\u0131nda, ge\u00e7ti\u011fimiz y\u0131l 27 Ekim\u2019de S\u0131nd\u0131rg\u0131\u2019da meydana gelen deprem de g\u00fcndeme geldi. Depremin hemen ard\u0131ndan, Ku\u015fadas\u0131 Belediyesi taraf\u0131ndan&#8230;<\/p>\n","protected":false},"author":1,"featured_media":76391,"comment_status":"open","ping_status":"open","sticky":false,"template":"","format":"standard","meta":{"_crdt_document":"","footnotes":""},"categories":[127],"tags":[],"class_list":["post-76390","post","type-post","status-publish","format-standard","has-post-thumbnail","hentry","category-siyaset"],"_links":{"self":[{"href":"https:\/\/www.egemtv.com\/index.php?rest_route=\/wp\/v2\/posts\/76390","targetHints":{"allow":["GET"]}}],"collection":[{"href":"https:\/\/www.egemtv.com\/index.php?rest_route=\/wp\/v2\/posts"}],"about":[{"href":"https:\/\/www.egemtv.com\/index.php?rest_route=\/wp\/v2\/types\/post"}],"author":[{"embeddable":true,"href":"https:\/\/www.egemtv.com\/index.php?rest_route=\/wp\/v2\/users\/1"}],"replies":[{"embeddable":true,"href":"https:\/\/www.egemtv.com\/index.php?rest_route=%2Fwp%2Fv2%2Fcomments&post=76390"}],"version-history":[{"count":1,"href":"https:\/\/www.egemtv.com\/index.php?rest_route=\/wp\/v2\/posts\/76390\/revisions"}],"predecessor-version":[{"id":76392,"href":"https:\/\/www.egemtv.com\/index.php?rest_route=\/wp\/v2\/posts\/76390\/revisions\/76392"}],"wp:featuredmedia":[{"embeddable":true,"href":"https:\/\/www.egemtv.com\/index.php?rest_route=\/wp\/v2\/media\/76391"}],"wp:attachment":[{"href":"https:\/\/www.egemtv.com\/index.php?rest_route=%2Fwp%2Fv2%2Fmedia&parent=76390"}],"wp:term":[{"taxonomy":"category","embeddable":true,"href":"https:\/\/www.egemtv.com\/index.php?rest_route=%2Fwp%2Fv2%2Fcategories&post=76390"},{"taxonomy":"post_tag","embeddable":true,"href":"https:\/\/www.egemtv.com\/index.php?rest_route=%2Fwp%2Fv2%2Ftags&post=76390"}],"curies":[{"name":"wp","href":"https:\/\/api.w.org\/{rel}","templated":true}]}}