{"id":76384,"date":"2025-12-24T17:34:51","date_gmt":"2025-12-24T14:34:51","guid":{"rendered":"https:\/\/www.egemtv.com\/?p=76384"},"modified":"2025-12-24T17:34:52","modified_gmt":"2025-12-24T14:34:52","slug":"aliaga-tupras-halk-egitimi-merkezinden-yeni-yil-sergisi","status":"publish","type":"post","link":"https:\/\/www.egemtv.com\/?p=76384","title":{"rendered":"Alia\u011fa T\u00fcpra\u015f Halk E\u011fitimi Merkezi\u2019nden yeni y\u0131l sergisi"},"content":{"rendered":"<p>Alia\u011fa T\u00fcpra\u015f Halk E\u011fitimi Merkezi\u2019nde y\u0131l boyunca e\u011fitim alan kursiyerler taraf\u0131ndan haz\u0131rlanan el eme\u011fi \u00fcr\u00fcnler, &#8220;Yeni Y\u0131l Hediyelik \u00dcr\u00fcnler&#8221; sergisiyle Alia\u011fal\u0131lar\u0131n be\u011fenisine sunuldu. Sanat\u0131n ve \u00fcretmenin bulu\u015ftu\u011fu sergi, a\u00e7\u0131l\u0131\u015f g\u00fcn\u00fcnde vatanda\u015flardan yo\u011fun ilgi g\u00f6rd\u00fc.<br \/>\n<br \/>Alia\u011fa T\u00fcpra\u015f Halk E\u011fitimi Merkezi ev sahipli\u011finde d\u00fczenlenen serginin a\u00e7\u0131l\u0131\u015f\u0131na; Alia\u011fa Belediye Ba\u015fkan\u0131 Serkan Acar, Alia\u011fa \u0130l\u00e7e Milli E\u011fitim M\u00fcd\u00fcr\u00fc Erdo\u011fan Aky\u00fcz ve Alia\u011fa T\u00fcpra\u015f Halk E\u011fitimi Merkezi M\u00fcd\u00fcr\u00fc Mehmet Emin Gedik\u00e7e kat\u0131ld\u0131. A\u00e7\u0131l\u0131\u015fta stantlar\u0131 tek tek gezen Ba\u015fkan Serkan Acar, kursiyerlere hay\u0131rl\u0131 olsun dileklerini ileterek \u00fcr\u00fcnler hakk\u0131nda bilgi ald\u0131 ve emek veren kursiyerlerle sohbet etti. Yeni y\u0131l sergisinde; el sanatlar\u0131, dekoratif \u00fcr\u00fcnler, tak\u0131 tasar\u0131mlar\u0131, \u00f6rg\u00fc ve triko \u00e7al\u0131\u015fmalar\u0131, ah\u015fap boyama, tekstil \u00fcr\u00fcnleri ile yeni y\u0131la \u00f6zel hediyelikler sergilenerek sat\u0131\u015fa sunuldu. El eme\u011fi g\u00f6z nuru \u00fcr\u00fcnlerin yer ald\u0131\u011f\u0131 stantlar\u0131 gezmek isteyen vatanda\u015flar, serginin son g\u00fcn\u00fc olan 25 Aral\u0131k Per\u015fembe g\u00fcn\u00fc 10.00-17.00 saatleri aras\u0131nda Alia\u011fa T\u00fcpra\u015f Halk E\u011fitimi Merkezi\u2019ni ziyaret edebilir.<br \/><\/p>\n","protected":false},"excerpt":{"rendered":"<p>Alia\u011fa T\u00fcpra\u015f Halk E\u011fitimi Merkezi\u2019nde y\u0131l boyunca e\u011fitim alan kursiyerler taraf\u0131ndan haz\u0131rlanan el eme\u011fi \u00fcr\u00fcnler, &#8220;Yeni Y\u0131l Hediyelik \u00dcr\u00fcnler&#8221; sergisiyle Alia\u011fal\u0131lar\u0131n be\u011fenisine sunuldu. Sanat\u0131n ve \u00fcretmenin bulu\u015ftu\u011fu sergi, a\u00e7\u0131l\u0131\u015f g\u00fcn\u00fcnde vatanda\u015flardan yo\u011fun ilgi g\u00f6rd\u00fc. Alia\u011fa T\u00fcpra\u015f Halk E\u011fitimi Merkezi ev sahipli\u011finde d\u00fczenlenen serginin a\u00e7\u0131l\u0131\u015f\u0131na; Alia\u011fa Belediye Ba\u015fkan\u0131 Serkan Acar, Alia\u011fa \u0130l\u00e7e Milli E\u011fitim M\u00fcd\u00fcr\u00fc Erdo\u011fan&#8230;<\/p>\n","protected":false},"author":1,"featured_media":76385,"comment_status":"open","ping_status":"open","sticky":false,"template":"","format":"standard","meta":{"_crdt_document":"","footnotes":""},"categories":[1],"tags":[],"class_list":["post-76384","post","type-post","status-publish","format-standard","has-post-thumbnail","hentry","category-guncel"],"_links":{"self":[{"href":"https:\/\/www.egemtv.com\/index.php?rest_route=\/wp\/v2\/posts\/76384","targetHints":{"allow":["GET"]}}],"collection":[{"href":"https:\/\/www.egemtv.com\/index.php?rest_route=\/wp\/v2\/posts"}],"about":[{"href":"https:\/\/www.egemtv.com\/index.php?rest_route=\/wp\/v2\/types\/post"}],"author":[{"embeddable":true,"href":"https:\/\/www.egemtv.com\/index.php?rest_route=\/wp\/v2\/users\/1"}],"replies":[{"embeddable":true,"href":"https:\/\/www.egemtv.com\/index.php?rest_route=%2Fwp%2Fv2%2Fcomments&post=76384"}],"version-history":[{"count":1,"href":"https:\/\/www.egemtv.com\/index.php?rest_route=\/wp\/v2\/posts\/76384\/revisions"}],"predecessor-version":[{"id":76386,"href":"https:\/\/www.egemtv.com\/index.php?rest_route=\/wp\/v2\/posts\/76384\/revisions\/76386"}],"wp:featuredmedia":[{"embeddable":true,"href":"https:\/\/www.egemtv.com\/index.php?rest_route=\/wp\/v2\/media\/76385"}],"wp:attachment":[{"href":"https:\/\/www.egemtv.com\/index.php?rest_route=%2Fwp%2Fv2%2Fmedia&parent=76384"}],"wp:term":[{"taxonomy":"category","embeddable":true,"href":"https:\/\/www.egemtv.com\/index.php?rest_route=%2Fwp%2Fv2%2Fcategories&post=76384"},{"taxonomy":"post_tag","embeddable":true,"href":"https:\/\/www.egemtv.com\/index.php?rest_route=%2Fwp%2Fv2%2Ftags&post=76384"}],"curies":[{"name":"wp","href":"https:\/\/api.w.org\/{rel}","templated":true}]}}