{"id":76360,"date":"2025-12-24T15:14:45","date_gmt":"2025-12-24T12:14:45","guid":{"rendered":"https:\/\/www.egemtv.com\/?p=76360"},"modified":"2025-12-24T15:14:45","modified_gmt":"2025-12-24T12:14:45","slug":"muski-fethiyede-taskin-riskini-ortadan-kaldiriyor","status":"publish","type":"post","link":"https:\/\/www.egemtv.com\/?p=76360","title":{"rendered":"MUSK\u0130, Fethiye\u2019de ta\u015fk\u0131n riskini ortadan kald\u0131r\u0131yor"},"content":{"rendered":"<p>MUSK\u0130 Genel M\u00fcd\u00fcrl\u00fc\u011f\u00fc, Fethiye il\u00e7esi Cumhuriyet Mahallesi\u2019nde \u00f6zellikle yo\u011fun ya\u011f\u0131\u015flarda ya\u015fanan su bask\u0131nlar\u0131n\u0131 sonland\u0131rmak amac\u0131yla \u00e7al\u0131\u015fma ba\u015flatt\u0131. B\u00f6lgedeki altyap\u0131da modern bir d\u00f6n\u00fc\u015f\u00fcm ger\u00e7ekle\u015ftiren MUSK\u0130 ekipleri, vatanda\u015flar\u0131n ya\u015fad\u0131\u011f\u0131 s\u0131k\u0131nt\u0131lar\u0131 k\u00f6kten \u00e7\u00f6zecek projede \u00f6nemli bir a\u015famay\u0131 daha ba\u015far\u0131yla tamamlad\u0131.<br \/>\n<br \/>Mu\u011fla B\u00fcy\u00fck\u015fehir Belediye Ba\u015fkan\u0131 Ahmet Aras\u2019\u0131n, ya\u011f\u0131\u015flar\u0131n vatanda\u015flar i\u00e7in bir ma\u011fduriyete d\u00f6n\u00fc\u015fmemesi ve can ile mal g\u00fcvenli\u011finin korunmas\u0131 y\u00f6n\u00fcndeki talimatlar\u0131 do\u011frultusunda projelerine devam eden Mu\u011fla B\u00fcy\u00fck\u015fehir Belediyesi Su ve Kanalizasyon \u0130daresi (MUSK\u0130) ekipleri, \u00e7al\u0131\u015fmalar\u0131n\u0131 Fethiye il\u00e7esinin Cumhuriyet Mahallesi\u2019nde s\u00fcrd\u00fcr\u00fcyor.<br \/>\n<br \/>B\u00f6lgedeki su bask\u0131n\u0131 sorunlar\u0131n\u0131 k\u00f6kten \u00e7\u00f6zmek ve benzer ma\u011fduriyetlerin \u00f6n\u00fcne ge\u00e7mek amac\u0131yla ba\u015flat\u0131lan \u00e7al\u0131\u015fmalar iki etap halinde y\u00fcr\u00fct\u00fcl\u00fcyor. Birinci etap kapsam\u0131nda, b\u00f6lgede su birikintilerinin olu\u015fmas\u0131n\u0131 engellemek amac\u0131yla ya\u011fmur suyu hatt\u0131na kollekt\u00f6r (toplay\u0131c\u0131) imalat\u0131 yap\u0131ld\u0131. Ayr\u0131ca, montaj\u0131 ger\u00e7ekle\u015ftirilen y\u00fcksek kapasiteli seyyar pompa devreye al\u0131narak b\u00f6lgede biriken ya\u011fmur suyunun tahliyesi sa\u011fland\u0131.<br \/>\n<br \/>\u00c7evre hassasiyeti de \u00f6n planda tutularak tahliye borusunun deniz \u00e7\u0131k\u0131\u015f\u0131na 45 derecelik \u00f6zel bir dirsek monte edildi. Bu sayede tahliye edilen suyun b\u00f6lgedeki teknelere ve deniz trafi\u011fine olumsuz etkisi tamamen ortadan kald\u0131r\u0131ld\u0131.<br \/>\n<br \/>\u00c7al\u0131\u015fmalar\u0131n ikinci etab\u0131nda ise 504 Sokak giri\u015finde yo\u011fun bir mesai harcanarak ya\u011fmur suyunu denize ileten hat tamamland\u0131. Ya\u011fmur suyunu toplayarak di\u011fer borulara da\u011f\u0131tan kollekt\u00f6r imalat\u0131n\u0131n ard\u0131ndan ger\u00e7ekle\u015ftirilecek montaj i\u015flemleriyle birlikte sistemin verimlili\u011fi en \u00fcst seviyeye \u00e7\u0131kar\u0131lacak.<br \/>\n<br \/>\u00c7al\u0131\u015fmalar\u0131n tamamlanmas\u0131yla birlikte Cumhuriyet Mahallesi\u2019nde, \u00f6zellikle yo\u011fun ya\u011f\u0131\u015f d\u00f6nemlerinde ya\u015fanan olumsuzluklar tamamen ortadan kalkacak. Dispanser Caddesi ve \u00e7evresi uzun y\u0131llar hizmet verecek kal\u0131c\u0131 ve s\u00fcrd\u00fcr\u00fclebilir bir altyap\u0131ya kavu\u015furken, b\u00f6lgede ya\u011f\u0131\u015flar art\u0131k bir risk olmaktan \u00e7\u0131karak hem esnaf hem de vatanda\u015flar i\u00e7in g\u00fcvenli ve konforlu bir ula\u015f\u0131m alan\u0131 haline gelecek.<br \/><\/p>\n","protected":false},"excerpt":{"rendered":"<p>MUSK\u0130 Genel M\u00fcd\u00fcrl\u00fc\u011f\u00fc, Fethiye il\u00e7esi Cumhuriyet Mahallesi\u2019nde \u00f6zellikle yo\u011fun ya\u011f\u0131\u015flarda ya\u015fanan su bask\u0131nlar\u0131n\u0131 sonland\u0131rmak amac\u0131yla \u00e7al\u0131\u015fma ba\u015flatt\u0131. B\u00f6lgedeki altyap\u0131da modern bir d\u00f6n\u00fc\u015f\u00fcm ger\u00e7ekle\u015ftiren MUSK\u0130 ekipleri, vatanda\u015flar\u0131n ya\u015fad\u0131\u011f\u0131 s\u0131k\u0131nt\u0131lar\u0131 k\u00f6kten \u00e7\u00f6zecek projede \u00f6nemli bir a\u015famay\u0131 daha ba\u015far\u0131yla tamamlad\u0131. Mu\u011fla B\u00fcy\u00fck\u015fehir Belediye Ba\u015fkan\u0131 Ahmet Aras\u2019\u0131n, ya\u011f\u0131\u015flar\u0131n vatanda\u015flar i\u00e7in bir ma\u011fduriyete d\u00f6n\u00fc\u015fmemesi ve can ile mal g\u00fcvenli\u011finin korunmas\u0131&#8230;<\/p>\n","protected":false},"author":1,"featured_media":76361,"comment_status":"open","ping_status":"open","sticky":false,"template":"","format":"standard","meta":{"_crdt_document":"","footnotes":""},"categories":[1],"tags":[],"class_list":["post-76360","post","type-post","status-publish","format-standard","has-post-thumbnail","hentry","category-guncel"],"_links":{"self":[{"href":"https:\/\/www.egemtv.com\/index.php?rest_route=\/wp\/v2\/posts\/76360","targetHints":{"allow":["GET"]}}],"collection":[{"href":"https:\/\/www.egemtv.com\/index.php?rest_route=\/wp\/v2\/posts"}],"about":[{"href":"https:\/\/www.egemtv.com\/index.php?rest_route=\/wp\/v2\/types\/post"}],"author":[{"embeddable":true,"href":"https:\/\/www.egemtv.com\/index.php?rest_route=\/wp\/v2\/users\/1"}],"replies":[{"embeddable":true,"href":"https:\/\/www.egemtv.com\/index.php?rest_route=%2Fwp%2Fv2%2Fcomments&post=76360"}],"version-history":[{"count":1,"href":"https:\/\/www.egemtv.com\/index.php?rest_route=\/wp\/v2\/posts\/76360\/revisions"}],"predecessor-version":[{"id":76362,"href":"https:\/\/www.egemtv.com\/index.php?rest_route=\/wp\/v2\/posts\/76360\/revisions\/76362"}],"wp:featuredmedia":[{"embeddable":true,"href":"https:\/\/www.egemtv.com\/index.php?rest_route=\/wp\/v2\/media\/76361"}],"wp:attachment":[{"href":"https:\/\/www.egemtv.com\/index.php?rest_route=%2Fwp%2Fv2%2Fmedia&parent=76360"}],"wp:term":[{"taxonomy":"category","embeddable":true,"href":"https:\/\/www.egemtv.com\/index.php?rest_route=%2Fwp%2Fv2%2Fcategories&post=76360"},{"taxonomy":"post_tag","embeddable":true,"href":"https:\/\/www.egemtv.com\/index.php?rest_route=%2Fwp%2Fv2%2Ftags&post=76360"}],"curies":[{"name":"wp","href":"https:\/\/api.w.org\/{rel}","templated":true}]}}