{"id":76357,"date":"2025-12-24T15:14:44","date_gmt":"2025-12-24T12:14:44","guid":{"rendered":"https:\/\/www.egemtv.com\/?p=76357"},"modified":"2025-12-24T15:14:45","modified_gmt":"2025-12-24T12:14:45","slug":"buyuksehir-sporculari-sampiyonadan-4-madalyayla-dondu","status":"publish","type":"post","link":"https:\/\/www.egemtv.com\/?p=76357","title":{"rendered":"B\u00fcy\u00fck\u015fehir sporcular\u0131 \u015fampiyonadan 4 madalyayla d\u00f6nd\u00fc"},"content":{"rendered":"<p>Mu\u011fla B\u00fcy\u00fck\u015fehir Belediyesi Sporcular\u0131 \u0130zmir\u2019de ger\u00e7ekle\u015ftirilen Hemsball \u015eampiyonas\u0131\u2019nda 4 g\u00fcm\u00fc\u015f madalya ile d\u00f6nerek bireysel ve tak\u0131m oyunlar\u0131nda b\u00fcy\u00fck ba\u015far\u0131ya imza att\u0131.<br \/>\n<br \/>\u0130zmir\u2019de ger\u00e7ekle\u015ftirilen Hemsball K\u00fc\u00e7\u00fckler-Y\u0131ld\u0131zlar T\u00fcrkiye \u015eampiyonas\u0131\u2019na 9 ilden 30 kul\u00fcp ve 120 sporcu kat\u0131ld\u0131. Mu\u011fla B\u00fcy\u00fck\u015fehir Belediyesi Spor kul\u00fcb\u00fc sporcular\u0131 \u015fampiyonadan tak\u0131m ve bireysel oyunlarda 4 g\u00fcm\u00fc\u015f madalya kazand\u0131. Mu\u011fla B\u00fcy\u00fck\u015fehir Belediyesi sporcular\u0131 Hemsball T\u00fcrkiye \u015eampiyonas\u0131\u2019nda \u0130dil G\u00fcld\u00fcr\u00fcm ve Z\u00fclal Baykal K\u00fc\u00e7\u00fck K\u0131zlar Tak\u0131m\u0131 ile T\u00fcrkiye ikincili\u011fi, Zeynep Cesur, Ceylin Sude Kocasar\u0131 Y\u0131ld\u0131z K\u0131zlar Tak\u0131m\u0131 ile T\u00fcrkiye ikincili\u011fi, Barlas \u00d6zen, Mete Bozkurt, Kuzey Burung\u00f6z ile Y\u0131ld\u0131z Erkekler Tak\u0131m\u0131 ile T\u00fcrkiye ikincili\u011fi, Barlas \u00d6zen ile Y\u0131ld\u0131z Erkekler Bireysel kategorisinde T\u00fcrkiye ikincili\u011fi kazand\u0131. Turnuvaya 9 sporcu ile kat\u0131lan Mu\u011fla B\u00fcy\u00fck\u015fehir Belediyesi Spor Kul\u00fcb\u00fc sporcular\u0131 elde ettikleri 4 T\u00fcrkiye ikincili\u011fi ile b\u00fcy\u00fck bir ba\u015far\u0131ya imza atarak Mu\u011fla\u2019y\u0131 gururland\u0131rd\u0131.<br \/>\n<br \/>&#8220;Sporcular\u0131m\u0131z Mu\u011flam\u0131z\u0131 ve \u00fclkemizi gururland\u0131rmaya devam ediyor&#8221;<br \/>\n<br \/>K\u0131y\u0131 Ege Belediyeler Birli\u011fi ve Mu\u011fla B\u00fcy\u00fck\u015fehir Belediye Ba\u015fkan\u0131 Ahmet Aras sporun t\u00fcm bran\u015flar\u0131nda ba\u015far\u0131l\u0131 olmak i\u00e7in spora, sporcuya desteklerinin devam edece\u011fini s\u00f6yledi ve Mu\u011fla\u2019ya b\u00fcy\u00fck bir gurur ya\u015fatan B\u00fcy\u00fck\u015fehir Hemsball sporcular\u0131n\u0131 kutlad\u0131. Ba\u015fkan Aras; &#8220;Uluslararas\u0131 ve ulusal turnuvalarda \u00fclkemizi, Mu\u011flam\u0131z\u0131 ba\u015far\u0131yla temsil eden sporcular\u0131m\u0131zla gurur duyuyoruz. Spor, bireyin hayat\u0131n\u0131n d\u00fczenli, planl\u0131 olmas\u0131nda ve sa\u011fl\u0131\u011f\u0131nda \u00e7ok \u00f6nemli bir etken. B\u00fcy\u00fck\u015fehir Belediyesi olarak spor kul\u00fcb\u00fcm\u00fczle her bran\u015fta ba\u015far\u0131l\u0131 sporcular yeti\u015fmesine \u00f6nc\u00fcl\u00fck etmeye devam edece\u011fiz. Ok\u00e7uluktan atletizme, satran\u00e7tan taekwondoya her platformda B\u00fcy\u00fck\u015fehir sporcular\u0131 m\u00fccadele etmeye, elde ettikleri ba\u015far\u0131larla T\u00fcrk Milli tak\u0131m\u0131na se\u00e7ilerek ay y\u0131ld\u0131zl\u0131 formam\u0131z\u0131 terletmeye devam edecek. Hemsball T\u00fcrkiye \u015eampiyonas\u0131\u2019nda elde ettikleri ba\u015far\u0131larla Mu\u011flam\u0131z\u0131 gururland\u0131ran sporcular\u0131m\u0131z\u0131 ve antren\u00f6r\u00fcm\u00fcz\u00fc kutluyorum&#8221; dedi.<br \/><\/p>\n","protected":false},"excerpt":{"rendered":"<p>Mu\u011fla B\u00fcy\u00fck\u015fehir Belediyesi Sporcular\u0131 \u0130zmir\u2019de ger\u00e7ekle\u015ftirilen Hemsball \u015eampiyonas\u0131\u2019nda 4 g\u00fcm\u00fc\u015f madalya ile d\u00f6nerek bireysel ve tak\u0131m oyunlar\u0131nda b\u00fcy\u00fck ba\u015far\u0131ya imza att\u0131. \u0130zmir\u2019de ger\u00e7ekle\u015ftirilen Hemsball K\u00fc\u00e7\u00fckler-Y\u0131ld\u0131zlar T\u00fcrkiye \u015eampiyonas\u0131\u2019na 9 ilden 30 kul\u00fcp ve 120 sporcu kat\u0131ld\u0131. Mu\u011fla B\u00fcy\u00fck\u015fehir Belediyesi Spor kul\u00fcb\u00fc sporcular\u0131 \u015fampiyonadan tak\u0131m ve bireysel oyunlarda 4 g\u00fcm\u00fc\u015f madalya kazand\u0131. Mu\u011fla B\u00fcy\u00fck\u015fehir Belediyesi sporcular\u0131 Hemsball&#8230;<\/p>\n","protected":false},"author":1,"featured_media":76358,"comment_status":"open","ping_status":"open","sticky":false,"template":"","format":"standard","meta":{"_crdt_document":"","footnotes":""},"categories":[4],"tags":[],"class_list":["post-76357","post","type-post","status-publish","format-standard","has-post-thumbnail","hentry","category-spor"],"_links":{"self":[{"href":"https:\/\/www.egemtv.com\/index.php?rest_route=\/wp\/v2\/posts\/76357","targetHints":{"allow":["GET"]}}],"collection":[{"href":"https:\/\/www.egemtv.com\/index.php?rest_route=\/wp\/v2\/posts"}],"about":[{"href":"https:\/\/www.egemtv.com\/index.php?rest_route=\/wp\/v2\/types\/post"}],"author":[{"embeddable":true,"href":"https:\/\/www.egemtv.com\/index.php?rest_route=\/wp\/v2\/users\/1"}],"replies":[{"embeddable":true,"href":"https:\/\/www.egemtv.com\/index.php?rest_route=%2Fwp%2Fv2%2Fcomments&post=76357"}],"version-history":[{"count":1,"href":"https:\/\/www.egemtv.com\/index.php?rest_route=\/wp\/v2\/posts\/76357\/revisions"}],"predecessor-version":[{"id":76359,"href":"https:\/\/www.egemtv.com\/index.php?rest_route=\/wp\/v2\/posts\/76357\/revisions\/76359"}],"wp:featuredmedia":[{"embeddable":true,"href":"https:\/\/www.egemtv.com\/index.php?rest_route=\/wp\/v2\/media\/76358"}],"wp:attachment":[{"href":"https:\/\/www.egemtv.com\/index.php?rest_route=%2Fwp%2Fv2%2Fmedia&parent=76357"}],"wp:term":[{"taxonomy":"category","embeddable":true,"href":"https:\/\/www.egemtv.com\/index.php?rest_route=%2Fwp%2Fv2%2Fcategories&post=76357"},{"taxonomy":"post_tag","embeddable":true,"href":"https:\/\/www.egemtv.com\/index.php?rest_route=%2Fwp%2Fv2%2Ftags&post=76357"}],"curies":[{"name":"wp","href":"https:\/\/api.w.org\/{rel}","templated":true}]}}