{"id":76354,"date":"2025-12-24T15:14:43","date_gmt":"2025-12-24T12:14:43","guid":{"rendered":"https:\/\/www.egemtv.com\/?p=76354"},"modified":"2025-12-24T15:14:44","modified_gmt":"2025-12-24T12:14:44","slug":"paspas-yapilan-alani-kirletmemek-icin-ayakkabilarini-cikartti","status":"publish","type":"post","link":"https:\/\/www.egemtv.com\/?p=76354","title":{"rendered":"Paspas yap\u0131lan alan\u0131 kirletmemek i\u00e7in ayakkab\u0131lar\u0131n\u0131 \u00e7\u0131kartt\u0131"},"content":{"rendered":"<p>\u00c7al\u0131ca Ortaokulu \u00f6\u011frencisi G\u00fcl\u00e7in Miray Karaman, temizlik yap\u0131lan koridoru kirletmemek i\u00e7in ayakkab\u0131lar\u0131n\u0131 eline al\u0131p \u00e7oraplar\u0131yla y\u00fcr\u00fcmesiyle takdir toplad\u0131.<\/p>\n<p>Fethiye\u2019nin Kara\u00e7ulha Mahallesi\u2019nde bulunan \u00c7al\u0131ca Ortaokulu\u2019nda e\u011fitim g\u00f6ren 11 ya\u015f\u0131ndaki G\u00fcl\u00e7in Miray Karaman\u2019\u0131n sergiledi\u011fi duyarl\u0131 davran\u0131\u015f, g\u00f6renlerin y\u00fcre\u011fini \u0131s\u0131tt\u0131. Okul koridorunda temizlik g\u00f6revlisinin paspas yapt\u0131\u011f\u0131n\u0131 fark eden Karaman, yeni silinen alan\u0131 kirletmemek i\u00e7in ayakkab\u0131lar\u0131n\u0131 eline ald\u0131. \u00c7oraplar\u0131yla s\u0131n\u0131f kap\u0131s\u0131na kadar y\u00fcr\u00fcyen k\u00fc\u00e7\u00fck \u00f6\u011frenci, kap\u0131ya ula\u015ft\u0131\u011f\u0131nda ayakkab\u0131lar\u0131n\u0131 tekrar giyerek s\u0131n\u0131fa girdi. Bu anlaml\u0131 anlar, temizlik g\u00f6revlisinin \u015fa\u015fk\u0131n bak\u0131\u015flar\u0131yla birlikte okulun g\u00fcvenlik kameralar\u0131na yans\u0131d\u0131. G\u00f6r\u00fcnt\u00fcler k\u0131sa s\u00fcrede b\u00fcy\u00fck be\u011feni toplarken, Karaman\u2019\u0131n eme\u011fe ve \u00e7evreye duydu\u011fu sayg\u0131 \u00f6rnek g\u00f6sterildi. Okul y\u00f6netimi ve \u00f6\u011fretmenler, k\u00fc\u00e7\u00fck ya\u015fta sergilenen bu bilin\u00e7li davran\u0131\u015f\u0131n t\u00fcm \u00f6\u011frencilere \u00f6rnek olmas\u0131 gerekti\u011fini belirterek G\u00fcl\u00e7in Miray Karaman\u2019\u0131 tebrik etti.<br \/><\/p>\n","protected":false},"excerpt":{"rendered":"<p>\u00c7al\u0131ca Ortaokulu \u00f6\u011frencisi G\u00fcl\u00e7in Miray Karaman, temizlik yap\u0131lan koridoru kirletmemek i\u00e7in ayakkab\u0131lar\u0131n\u0131 eline al\u0131p \u00e7oraplar\u0131yla y\u00fcr\u00fcmesiyle takdir toplad\u0131. Fethiye\u2019nin Kara\u00e7ulha Mahallesi\u2019nde bulunan \u00c7al\u0131ca Ortaokulu\u2019nda e\u011fitim g\u00f6ren 11 ya\u015f\u0131ndaki G\u00fcl\u00e7in Miray Karaman\u2019\u0131n sergiledi\u011fi duyarl\u0131 davran\u0131\u015f, g\u00f6renlerin y\u00fcre\u011fini \u0131s\u0131tt\u0131. Okul koridorunda temizlik g\u00f6revlisinin paspas yapt\u0131\u011f\u0131n\u0131 fark eden Karaman, yeni silinen alan\u0131 kirletmemek i\u00e7in ayakkab\u0131lar\u0131n\u0131 eline ald\u0131. \u00c7oraplar\u0131yla&#8230;<\/p>\n","protected":false},"author":1,"featured_media":76355,"comment_status":"open","ping_status":"open","sticky":false,"template":"","format":"standard","meta":{"_crdt_document":"","footnotes":""},"categories":[1],"tags":[],"class_list":["post-76354","post","type-post","status-publish","format-standard","has-post-thumbnail","hentry","category-guncel"],"_links":{"self":[{"href":"https:\/\/www.egemtv.com\/index.php?rest_route=\/wp\/v2\/posts\/76354","targetHints":{"allow":["GET"]}}],"collection":[{"href":"https:\/\/www.egemtv.com\/index.php?rest_route=\/wp\/v2\/posts"}],"about":[{"href":"https:\/\/www.egemtv.com\/index.php?rest_route=\/wp\/v2\/types\/post"}],"author":[{"embeddable":true,"href":"https:\/\/www.egemtv.com\/index.php?rest_route=\/wp\/v2\/users\/1"}],"replies":[{"embeddable":true,"href":"https:\/\/www.egemtv.com\/index.php?rest_route=%2Fwp%2Fv2%2Fcomments&post=76354"}],"version-history":[{"count":1,"href":"https:\/\/www.egemtv.com\/index.php?rest_route=\/wp\/v2\/posts\/76354\/revisions"}],"predecessor-version":[{"id":76356,"href":"https:\/\/www.egemtv.com\/index.php?rest_route=\/wp\/v2\/posts\/76354\/revisions\/76356"}],"wp:featuredmedia":[{"embeddable":true,"href":"https:\/\/www.egemtv.com\/index.php?rest_route=\/wp\/v2\/media\/76355"}],"wp:attachment":[{"href":"https:\/\/www.egemtv.com\/index.php?rest_route=%2Fwp%2Fv2%2Fmedia&parent=76354"}],"wp:term":[{"taxonomy":"category","embeddable":true,"href":"https:\/\/www.egemtv.com\/index.php?rest_route=%2Fwp%2Fv2%2Fcategories&post=76354"},{"taxonomy":"post_tag","embeddable":true,"href":"https:\/\/www.egemtv.com\/index.php?rest_route=%2Fwp%2Fv2%2Ftags&post=76354"}],"curies":[{"name":"wp","href":"https:\/\/api.w.org\/{rel}","templated":true}]}}