{"id":76351,"date":"2025-12-24T14:54:58","date_gmt":"2025-12-24T11:54:58","guid":{"rendered":"https:\/\/www.egemtv.com\/?p=76351"},"modified":"2025-12-24T14:54:59","modified_gmt":"2025-12-24T11:54:59","slug":"sehit-enis-budak-sehadetinin-2-yilinda-adini-tasiyan-okulda-dualarla-anildi","status":"publish","type":"post","link":"https:\/\/www.egemtv.com\/?p=76351","title":{"rendered":"\u015eehit Enis Budak, \u015fehadetinin 2. y\u0131l\u0131nda ad\u0131n\u0131 ta\u015f\u0131yan okulda dualarla an\u0131ld\u0131"},"content":{"rendered":"<p>Pen\u00e7e-Kilit Harekat\u0131 B\u00f6lgesi\u2019nde vatan\u0131n b\u00f6l\u00fcnmez b\u00fct\u00fcnl\u00fc\u011f\u00fc u\u011fruna g\u00f6rev yaparken \u015fehit d\u00fc\u015fen Piyade S\u00f6zle\u015fmeli Er Enis Budak, \u015fehadetinin 2. y\u0131l d\u00f6n\u00fcm\u00fcnde ad\u0131n\u0131 ta\u015f\u0131yan Enis Budak Anaokulu\u2019nda d\u00fczenlenen anlaml\u0131 programla rahmet, minnet ve dualarla yad edildi.<br \/>\n<br \/>T\u00fcrkiye Harp Malul\u00fc Gaziler, \u015eehit Dul ve Yetimleri Derne\u011fi Manisa \u015eubesi organizasyonunda; Manisa B\u00fcy\u00fck\u015fehir Belediyesi ile Enis Budak Anaokulu idarecilerinin destekleriyle ger\u00e7ekle\u015ftirilen anma program\u0131na Manisa Valisi Vahdettin \u00d6zkan ba\u015fta olmak \u00fczere il ve il\u00e7e protokol\u00fc, \u015fehit aileleri, gaziler ve \u015fehit Enis Budak\u2019\u0131n ailesi kat\u0131ld\u0131. Programa yo\u011fun kat\u0131l\u0131m olurken, devlet ve milletin \u015fehitlerine olan vefas\u0131 bir kez daha g\u00f6zler \u00f6n\u00fcne serildi.<br \/>\n<br \/>Program\u0131n en duygu y\u00fckl\u00fc anlar\u0131, \u015fehidin ye\u011feni Beyza Budak\u2019\u0131n amcas\u0131 Enis Budak\u2019a ithafen kaleme ald\u0131\u011f\u0131 \u015fiiri okudu\u011fu anlar oldu. Salonda derin bir sessizli\u011fin hakim oldu\u011fu \u015fiir okunmas\u0131 s\u0131ras\u0131nda bir\u00e7ok kat\u0131l\u0131mc\u0131 g\u00f6zya\u015flar\u0131n\u0131 tutamad\u0131.<br \/>\n<br \/>Anma program\u0131 kapsam\u0131nda a\u00e7\u0131lan foto\u011fraf sergisi de b\u00fcy\u00fck ilgi g\u00f6rd\u00fc. \u015eehidin hayat\u0131ndan kesitlerin ve vatan sevgisini yans\u0131tan foto\u011fraflar\u0131n yer ald\u0131\u011f\u0131 sergi, kat\u0131l\u0131mc\u0131lar taraf\u0131ndan duyguyla gezildi. Programda Kur\u2019an-\u0131 Kerim tilaveti okunurken, yap\u0131lan dualarla aziz \u015fehit i\u00e7in niyazda bulunuldu.<br \/>\n<br \/>T\u00fcrkiye Harp Malul\u00fc Gaziler, \u015eehit Dul ve Yetimleri Derne\u011fi Manisa \u015eube Ba\u015fkan\u0131 Yusuf K\u0131y\u0131\u015fkan, &#8220;\u015eehit Piyade S\u00f6zle\u015fmeli Er Enis Budak\u2019\u0131, \u015fehadetinin 2. y\u0131l\u0131nda Manisa\u2019da bir kez daha rahmet, minnet ve \u015f\u00fckranla anarken, ba\u015fta ailesi olmak \u00fczere t\u00fcm \u015fehit yak\u0131nlar\u0131na sab\u0131r ve metanet diliyorum.&#8221; dedi.<br \/><\/p>\n","protected":false},"excerpt":{"rendered":"<p>Pen\u00e7e-Kilit Harekat\u0131 B\u00f6lgesi\u2019nde vatan\u0131n b\u00f6l\u00fcnmez b\u00fct\u00fcnl\u00fc\u011f\u00fc u\u011fruna g\u00f6rev yaparken \u015fehit d\u00fc\u015fen Piyade S\u00f6zle\u015fmeli Er Enis Budak, \u015fehadetinin 2. y\u0131l d\u00f6n\u00fcm\u00fcnde ad\u0131n\u0131 ta\u015f\u0131yan Enis Budak Anaokulu\u2019nda d\u00fczenlenen anlaml\u0131 programla rahmet, minnet ve dualarla yad edildi. T\u00fcrkiye Harp Malul\u00fc Gaziler, \u015eehit Dul ve Yetimleri Derne\u011fi Manisa \u015eubesi organizasyonunda; Manisa B\u00fcy\u00fck\u015fehir Belediyesi ile Enis Budak Anaokulu idarecilerinin destekleriyle&#8230;<\/p>\n","protected":false},"author":1,"featured_media":76352,"comment_status":"open","ping_status":"open","sticky":false,"template":"","format":"standard","meta":{"_crdt_document":"","footnotes":""},"categories":[123],"tags":[],"class_list":["post-76351","post","type-post","status-publish","format-standard","has-post-thumbnail","hentry","category-gundem"],"_links":{"self":[{"href":"https:\/\/www.egemtv.com\/index.php?rest_route=\/wp\/v2\/posts\/76351","targetHints":{"allow":["GET"]}}],"collection":[{"href":"https:\/\/www.egemtv.com\/index.php?rest_route=\/wp\/v2\/posts"}],"about":[{"href":"https:\/\/www.egemtv.com\/index.php?rest_route=\/wp\/v2\/types\/post"}],"author":[{"embeddable":true,"href":"https:\/\/www.egemtv.com\/index.php?rest_route=\/wp\/v2\/users\/1"}],"replies":[{"embeddable":true,"href":"https:\/\/www.egemtv.com\/index.php?rest_route=%2Fwp%2Fv2%2Fcomments&post=76351"}],"version-history":[{"count":1,"href":"https:\/\/www.egemtv.com\/index.php?rest_route=\/wp\/v2\/posts\/76351\/revisions"}],"predecessor-version":[{"id":76353,"href":"https:\/\/www.egemtv.com\/index.php?rest_route=\/wp\/v2\/posts\/76351\/revisions\/76353"}],"wp:featuredmedia":[{"embeddable":true,"href":"https:\/\/www.egemtv.com\/index.php?rest_route=\/wp\/v2\/media\/76352"}],"wp:attachment":[{"href":"https:\/\/www.egemtv.com\/index.php?rest_route=%2Fwp%2Fv2%2Fmedia&parent=76351"}],"wp:term":[{"taxonomy":"category","embeddable":true,"href":"https:\/\/www.egemtv.com\/index.php?rest_route=%2Fwp%2Fv2%2Fcategories&post=76351"},{"taxonomy":"post_tag","embeddable":true,"href":"https:\/\/www.egemtv.com\/index.php?rest_route=%2Fwp%2Fv2%2Ftags&post=76351"}],"curies":[{"name":"wp","href":"https:\/\/api.w.org\/{rel}","templated":true}]}}