{"id":76348,"date":"2025-12-24T14:54:57","date_gmt":"2025-12-24T11:54:57","guid":{"rendered":"https:\/\/www.egemtv.com\/?p=76348"},"modified":"2025-12-24T14:54:58","modified_gmt":"2025-12-24T11:54:58","slug":"aydinda-sut-ciftlikleri-icin-iklim-dayanikliligi-masaya-yatirildi","status":"publish","type":"post","link":"https:\/\/www.egemtv.com\/?p=76348","title":{"rendered":"Ayd\u0131n\u2019da s\u00fct \u00e7iftlikleri i\u00e7in iklim dayan\u0131kl\u0131l\u0131\u011f\u0131 masaya yat\u0131r\u0131ld\u0131"},"content":{"rendered":"<p>Avrupa Birli\u011fi Ufuk Avrupa Program\u0131 kapsam\u0131nda desteklenen CLIMAAX Projesi \u00e7er\u00e7evesinde y\u00fcr\u00fct\u00fclen \u2019S\u00fct \u00c7iftliklerinde \u0130klim Direncinin Art\u0131r\u0131lmas\u0131: CliResDairy Projesi\u2019 kapsam\u0131nda Ayd\u0131n\u2019daki payda\u015flar\u0131n kat\u0131l\u0131m\u0131yla proje \u00e7al\u0131\u015ftay\u0131 d\u00fczenlendi.<\/p>\n<p>Ayd\u0131n \u0130li Dam\u0131zl\u0131k S\u0131\u011f\u0131r Yeti\u015ftiricileri Birli\u011fi (ADSYB) y\u00fcr\u00fct\u00fcc\u00fcl\u00fc\u011f\u00fcnde ger\u00e7ekle\u015ftirilen \u00e7al\u0131\u015ftayda, iklim de\u011fi\u015fikli\u011finin s\u00fct s\u0131\u011f\u0131rc\u0131l\u0131\u011f\u0131 sekt\u00f6r\u00fc \u00fczerindeki etkileri, Ayd\u0131n \u00f6zelinde \u00f6ne \u00e7\u0131kan iklim riskleri ve bu risklere kar\u015f\u0131 geli\u015ftirilebilecek uyum stratejileri ele al\u0131nd\u0131. Sayg\u0131 duru\u015fu ve \u0130stiklal Mar\u015f\u0131\u2019n\u0131n okunmas\u0131n\u0131n ard\u0131ndan toplant\u0131n\u0131n a\u00e7\u0131l\u0131\u015f konu\u015fmas\u0131n\u0131 yapan ADSYB Ba\u015fkan\u0131 Mehmet Sedat G\u00fcng\u00f6r, CliResDairy Projesi\u2019nin, Avrupa Birli\u011fi\u2019nin \u0130klim De\u011fi\u015fikli\u011fine Uyum Misyonu kapsam\u0131nda y\u00fcr\u00fct\u00fclen CLIMAAX Projesi taraf\u0131ndan desteklendi\u011fi belirterek, Avrupa genelinde 15 \u00fclkeden 68 projenin hibe almaya hak kazand\u0131\u011f\u0131 CLIMAAX kapsam\u0131nda, T\u00fcrkiye\u2019den se\u00e7ilen projeler aras\u0131nda yer alan CliResDairy Projesi\u2019nin desteklenen tek tar\u0131msal \u00f6rg\u00fct projesi olma \u00f6zelli\u011fini ta\u015f\u0131d\u0131\u011f\u0131n\u0131 belirtti. \u00d6te yandan G\u00fcng\u00f6r, Ayd\u0131n\u2019da tar\u0131msal \u00f6rg\u00fctler taraf\u0131ndan y\u00fcr\u00fct\u00fclen ilk Ufuk Avrupa Projesi niteli\u011finde olan ve 22 ay s\u00fcreyle y\u00fcr\u00fct\u00fclen projenin b\u00fct\u00e7esinin 145 bin 875 avro oldu\u011fu kaydetti.<\/p>\n<p>\u0130klim de\u011fi\u015fikli\u011fi s\u00fct s\u0131\u011f\u0131rc\u0131l\u0131\u011f\u0131n\u0131 zorluyor<br \/>\n<br \/>\u0130klim de\u011fi\u015fikli\u011finin art\u0131k sadece \u00e7evresel de\u011fil, tar\u0131msal \u00fcretimin s\u00fcrd\u00fcr\u00fclebilirli\u011fini do\u011frudan etkileyen yap\u0131sal bir sorun haline geldi\u011fini vurgulayan ADSYB Ba\u015fkan\u0131 G\u00fcng\u00f6r, proje kapsam\u0131nda Ayd\u0131n\u2019daki s\u00fct s\u0131\u011f\u0131rc\u0131l\u0131\u011f\u0131 i\u015fletmelerinin kar\u015f\u0131 kar\u015f\u0131ya oldu\u011fu iklim risklerinin bilimsel y\u00f6ntemlerle ortaya konuldu\u011funu ve bu risklere y\u00f6nelik uygulanabilir uyum stratejilerinin geli\u015ftirilmeyi hedefledi\u011fini ifade etti. Proje kapsam\u0131nda haz\u0131rlanan \u00c7oklu Risk \u0130klim De\u011ferlendirmesi Raporu\u2019nda, artan s\u0131cakl\u0131klar, tar\u0131msal kurakl\u0131k, a\u015f\u0131r\u0131 ya\u011f\u0131\u015flar ve ta\u015fk\u0131nlar\u0131n hem yem bitkileri \u00fcretimi hem de s\u00fct s\u0131\u011f\u0131rc\u0131l\u0131\u011f\u0131 i\u015fletmeleri \u00fczerinde ciddi bask\u0131 olu\u015fturdu\u011funun tespit edildi\u011fi aktaran G\u00fcng\u00f6r, \u00f6zellikle yaz aylar\u0131nda artan s\u0131cakl\u0131klar\u0131n s\u00fct s\u0131\u011f\u0131rlar\u0131nda \u0131s\u0131 stresine neden oldu\u011fu, bunun da s\u00fct verimi ve hayvan refah\u0131n\u0131 olumsuz etkiledi\u011fi belirtildi.<\/p>\n<p>Projenin uluslararas\u0131 d\u00fczeyde g\u00f6rd\u00fc\u011f\u00fc ilgi, izledikleri yakla\u015f\u0131m\u0131n do\u011fru bir zeminde ilerledi\u011fini de g\u00f6sterdi\u011fini belirten G\u00fcng\u00f6r, &#8220;Barselona\u2019da ge\u00e7ti\u011fimiz Haziran ay\u0131nda d\u00fczenlenen CLIMAAX Proje \u00c7al\u0131\u015ftay\u0131 kapsam\u0131nda, CliResDairy Projesi 68 proje aras\u0131ndan en ba\u015far\u0131l\u0131 ilk 10 proje aras\u0131nda yer alm\u0131\u015ft\u0131r. Bu ba\u015far\u0131, sahayla g\u00fc\u00e7l\u00fc ba\u011f kuran ve bilimsel temele dayanan bir \u00e7al\u0131\u015fma y\u00fcr\u00fctmemizin sonucudur. \u00d6n\u00fcm\u00fczdeki d\u00f6nemde iklim de\u011fi\u015fikli\u011fi konusu k\u00fcresel g\u00fcndemde daha da belirleyici hale gelecektir. Bu kapsamda, Birle\u015fmi\u015f Milletler \u0130klim De\u011fi\u015fikli\u011fi \u00c7er\u00e7eve S\u00f6zle\u015fmesi Taraflar Konferans\u0131\u2019n\u0131n 31\u2019inci Toplant\u0131s\u0131 olan COP31\u2019e T\u00fcrkiye\u2019nin ev sahipli\u011fi yapacak olmas\u0131, tar\u0131m sekt\u00f6r\u00fcn\u00fcn iklim politikalar\u0131ndaki rol\u00fcn\u00fcn daha g\u00f6r\u00fcn\u00fcr hale gelmesi a\u00e7\u0131s\u0131ndan \u00f6nemli bir f\u0131rsat sunmaktad\u0131r. Yerel \u00f6l\u00e7ekte y\u00fcr\u00fct\u00fclen bu t\u00fcr \u00e7al\u0131\u015fmalar\u0131n, ulusal ve uluslararas\u0131 iklim politika s\u00fcre\u00e7lerine somut katk\u0131lar sa\u011flayaca\u011f\u0131na inan\u0131yoruz.  Bu \u00e7er\u00e7evede hayata ge\u00e7irilen CliResDairy Projemiz, Ayd\u0131n ili \u00f6zelinde s\u00fct s\u0131\u011f\u0131rc\u0131l\u0131\u011f\u0131 sekt\u00f6r\u00fcnde iklim de\u011fi\u015fikli\u011fine ba\u011fl\u0131 riskleri bilimsel y\u00f6ntemlerle ortaya koymay\u0131, bu riskleri azaltmaya y\u00f6nelik uygulanabilir uyum stratejileri geli\u015ftirmeyi ve s\u00fct i\u015fletmelerinin iklim de\u011fi\u015fikli\u011fine kar\u015f\u0131 direncini art\u0131rmay\u0131 ama\u00e7lamaktad\u0131r. Projemiz kapsam\u0131nda s\u0131cak hava dalgalar\u0131, tar\u0131msal kurakl\u0131k, a\u015f\u0131r\u0131 ya\u011f\u0131\u015f ve ta\u015fk\u0131nlar olmak \u00fczere d\u00f6rt temel iklim riski ele al\u0131nmaktad\u0131r&#8221; dedi.<\/p>\n<p>Is\u0131 stresi ve yem maliyetleri \u00f6ne \u00e7\u0131k\u0131yor<br \/>\n<br \/>ADSYB Ba\u015fkan\u0131 G\u00fcng\u00f6r, projenin 1. raporu kapsam\u0131nda ger\u00e7ekle\u015ftirilen iklim riski analizleri ve projeksiyon \u00e7al\u0131\u015fmalar\u0131n\u0131n, Ayd\u0131n ilinde hem bitkisel hem de hayvansal \u00fcretimin iklim de\u011fi\u015fikli\u011finden \u00f6nemli \u00f6l\u00e7\u00fcde etkilendi\u011fini ortaya koydu\u011funu belirterek, &#8220;Yap\u0131lan de\u011ferlendirmelerde, artan s\u0131cakl\u0131klar ve ya\u011f\u0131\u015f rejimindeki d\u00fczensizliklerin, yem bitkileri \u00fcretiminde verim ve kalite kay\u0131plar\u0131na yol a\u00e7t\u0131\u011f\u0131 g\u00f6r\u00fclmektedir. \u00d6zellikle m\u0131s\u0131r, bu\u011fday ve arpa gibi s\u00fct s\u0131\u011f\u0131rc\u0131l\u0131\u011f\u0131 a\u00e7\u0131s\u0131ndan kritik yem bitkilerinde, tar\u0131msal kurakl\u0131\u011fa ba\u011fl\u0131 \u00fcretim kay\u0131plar\u0131n\u0131n belirginle\u015fti\u011fi tespit edilmi\u015ftir. Bu durum, yem temininde s\u00fcreklili\u011fi zorla\u015ft\u0131rmakta ve yem maliyetleri \u00fczerinden s\u00fct i\u015fletmelerinin ekonomik s\u00fcrd\u00fcr\u00fclebilirli\u011fini etkilemektedir. Hayvansal \u00fcretim a\u00e7\u0131s\u0131ndan bak\u0131ld\u0131\u011f\u0131nda ise, 1. rapor sonu\u00e7lar\u0131, artan s\u0131cakl\u0131klar\u0131n ve s\u0131kla\u015fan s\u0131cak hava dalgalar\u0131n\u0131n s\u00fct s\u0131\u011f\u0131rlar\u0131nda \u0131s\u0131 stresine neden oldu\u011funu g\u00f6stermektedir. Yap\u0131lan analizlerde, \u00f6zellikle yaz aylar\u0131nda hayvan refah\u0131n\u0131n olumsuz etkilendi\u011fi; bunun da s\u00fct verimi ve d\u00f6l verimlili\u011fi \u00fczerinde d\u00fc\u015f\u00fcr\u00fcc\u00fc bir etki olu\u015fturdu\u011fu ortaya konulmu\u015ftur. Uzun s\u00fcreli a\u015f\u0131r\u0131 s\u0131caklara maruz kalman\u0131n, hayvan sa\u011fl\u0131\u011f\u0131 ve i\u015fletme verimlili\u011fi a\u00e7\u0131s\u0131ndan \u00f6nemli bir risk unsuru haline geldi\u011fi de\u011ferlendirilmektedir. Bunun yan\u0131 s\u0131ra, yo\u011fun ya\u011f\u0131\u015flar ve nehir ta\u015fk\u0131nlar\u0131; mera alanlar\u0131, yem \u00fcretim sahalar\u0131 ve i\u015fletme altyap\u0131s\u0131 \u00fczerinde olumsuz etkilere yol a\u00e7makta, \u00fcretim s\u00fcre\u00e7lerinde aksamalara neden olmaktad\u0131r. Projemizin 1. Raporu, bu risklerin yaln\u0131zca \u00e7evresel de\u011fil; ayn\u0131 zamanda ekonomik ve yap\u0131sal sonu\u00e7lar do\u011furdu\u011funu a\u00e7\u0131k\u00e7a ortaya koymaktad\u0131r. Ortaya konulan bu bilgiler, iklim de\u011fi\u015fikli\u011fine uyumun s\u00fct s\u0131\u011f\u0131rc\u0131l\u0131\u011f\u0131 sekt\u00f6r\u00fc a\u00e7\u0131s\u0131ndan ertelenemez bir ihtiya\u00e7 oldu\u011funu g\u00f6stermektedir. Bu nedenle CliResDairy Projesi, yaln\u0131zca riskleri tespit etmeyi de\u011fil; ayn\u0131 zamanda yeti\u015ftiriciler, kamu kurumlar\u0131, \u00fcniversiteler ve di\u011fer payda\u015flarla birlikte \u00e7\u00f6z\u00fcm yollar\u0131n\u0131 geli\u015ftirmeyi hedeflemektedir&#8221; diye konu\u015ftu.<\/p>\n<p>Konu\u015fmas\u0131n\u0131n sonunda proje boyunca desteklerini kendilerinden desteklerini esirgemeyen Ayd\u0131n \u0130l Tar\u0131m ve Orman M\u00fcd\u00fcrl\u00fc\u011f\u00fc\u2019ne, Ayd\u0131n Adnan Menderes \u00dcniversitesi Ziraat ve Veteriner Fak\u00fcltelerine, veri deste\u011fi sa\u011flayan AFAD Ayd\u0131n \u0130l M\u00fcd\u00fcrl\u00fc\u011f\u00fc ba\u015fta olmak \u00fczere t\u00fcm payda\u015flara te\u015fekk\u00fcr etti.<\/p>\n<p>Yap\u0131lan konu\u015fmalar\u0131n ard\u0131ndan CliResDairy Projesi Koordinat\u00f6r\u00fc Dr. Hediye Cerit proje hakk\u0131nda bilgilendirmelerde bulundu. Toplant\u0131da son olarak ilk tespitlere ili\u015fkin sunumlar ger\u00e7ekle\u015ftirilip s\u00fct \u00e7iftliklerinde iklim risklerine ili\u015fkin de\u011ferlendirmeler yap\u0131larak mevcut durum, kar\u015f\u0131la\u015f\u0131lan sorunlar ve \u00e7\u00f6z\u00fcm \u00f6nerileri ele al\u0131nd\u0131.<br \/><\/p>\n","protected":false},"excerpt":{"rendered":"<p>Avrupa Birli\u011fi Ufuk Avrupa Program\u0131 kapsam\u0131nda desteklenen CLIMAAX Projesi \u00e7er\u00e7evesinde y\u00fcr\u00fct\u00fclen \u2019S\u00fct \u00c7iftliklerinde \u0130klim Direncinin Art\u0131r\u0131lmas\u0131: CliResDairy Projesi\u2019 kapsam\u0131nda Ayd\u0131n\u2019daki payda\u015flar\u0131n kat\u0131l\u0131m\u0131yla proje \u00e7al\u0131\u015ftay\u0131 d\u00fczenlendi. Ayd\u0131n \u0130li Dam\u0131zl\u0131k S\u0131\u011f\u0131r Yeti\u015ftiricileri Birli\u011fi (ADSYB) y\u00fcr\u00fct\u00fcc\u00fcl\u00fc\u011f\u00fcnde ger\u00e7ekle\u015ftirilen \u00e7al\u0131\u015ftayda, iklim de\u011fi\u015fikli\u011finin s\u00fct s\u0131\u011f\u0131rc\u0131l\u0131\u011f\u0131 sekt\u00f6r\u00fc \u00fczerindeki etkileri, Ayd\u0131n \u00f6zelinde \u00f6ne \u00e7\u0131kan iklim riskleri ve bu risklere kar\u015f\u0131 geli\u015ftirilebilecek uyum stratejileri&#8230;<\/p>\n","protected":false},"author":1,"featured_media":76349,"comment_status":"open","ping_status":"open","sticky":false,"template":"","format":"standard","meta":{"_crdt_document":"","footnotes":""},"categories":[1],"tags":[],"class_list":["post-76348","post","type-post","status-publish","format-standard","has-post-thumbnail","hentry","category-guncel"],"_links":{"self":[{"href":"https:\/\/www.egemtv.com\/index.php?rest_route=\/wp\/v2\/posts\/76348","targetHints":{"allow":["GET"]}}],"collection":[{"href":"https:\/\/www.egemtv.com\/index.php?rest_route=\/wp\/v2\/posts"}],"about":[{"href":"https:\/\/www.egemtv.com\/index.php?rest_route=\/wp\/v2\/types\/post"}],"author":[{"embeddable":true,"href":"https:\/\/www.egemtv.com\/index.php?rest_route=\/wp\/v2\/users\/1"}],"replies":[{"embeddable":true,"href":"https:\/\/www.egemtv.com\/index.php?rest_route=%2Fwp%2Fv2%2Fcomments&post=76348"}],"version-history":[{"count":1,"href":"https:\/\/www.egemtv.com\/index.php?rest_route=\/wp\/v2\/posts\/76348\/revisions"}],"predecessor-version":[{"id":76350,"href":"https:\/\/www.egemtv.com\/index.php?rest_route=\/wp\/v2\/posts\/76348\/revisions\/76350"}],"wp:featuredmedia":[{"embeddable":true,"href":"https:\/\/www.egemtv.com\/index.php?rest_route=\/wp\/v2\/media\/76349"}],"wp:attachment":[{"href":"https:\/\/www.egemtv.com\/index.php?rest_route=%2Fwp%2Fv2%2Fmedia&parent=76348"}],"wp:term":[{"taxonomy":"category","embeddable":true,"href":"https:\/\/www.egemtv.com\/index.php?rest_route=%2Fwp%2Fv2%2Fcategories&post=76348"},{"taxonomy":"post_tag","embeddable":true,"href":"https:\/\/www.egemtv.com\/index.php?rest_route=%2Fwp%2Fv2%2Ftags&post=76348"}],"curies":[{"name":"wp","href":"https:\/\/api.w.org\/{rel}","templated":true}]}}