{"id":76342,"date":"2025-12-24T14:34:54","date_gmt":"2025-12-24T11:34:54","guid":{"rendered":"https:\/\/www.egemtv.com\/?p=76342"},"modified":"2025-12-24T14:34:55","modified_gmt":"2025-12-24T11:34:55","slug":"aydin-genelinde-altyapi-calismalari-suruyor","status":"publish","type":"post","link":"https:\/\/www.egemtv.com\/?p=76342","title":{"rendered":"Ayd\u0131n genelinde altyap\u0131 \u00e7al\u0131\u015fmalar\u0131 s\u00fcr\u00fcyor"},"content":{"rendered":"<p>Ayd\u0131n genelinde kanalizasyondan ya\u011fmur suyu hatlar\u0131na kadar y\u00fcr\u00fct\u00fclen altyap\u0131 \u00e7al\u0131\u015fmalar\u0131 devam ederken, Ayd\u0131n B\u00fcy\u00fck\u015fehir Belediye Ba\u015fkan\u0131 \u00d6zlem \u00c7er\u00e7io\u011flu; &#8220;Uzun y\u0131llar sorunsuz hizmet verecek altyap\u0131 yat\u0131r\u0131mlar\u0131n\u0131 hayata ge\u00e7irmeye devam ediyoruz&#8221; dedi.<\/p>\n<p>Ayd\u0131n B\u00fcy\u00fck\u015fehir Belediyesi Ayd\u0131n Su ve Kanalizasyon \u0130daresi Genel M\u00fcd\u00fcrl\u00fc\u011f\u00fc (ASK\u0130), Ayd\u0131n\u2019\u0131n t\u00fcm il\u00e7elerinde altyap\u0131 hizmetlerini g\u00fc\u00e7lendirmek amac\u0131yla e\u015f zamanl\u0131 \u00e7al\u0131\u015fmalar\u0131n\u0131 s\u00fcrd\u00fcr\u00fcyor. \u0130\u00e7me suyu, kanalizasyon ve ya\u011fmur suyu hatlar\u0131na y\u00f6nelik y\u00fcr\u00fct\u00fclen \u00e7al\u0131\u015fmalarla il\u00e7elerin ihtiya\u00e7lar\u0131 yerinde tespit edilerek h\u0131zl\u0131 ve kal\u0131c\u0131 \u00e7\u00f6z\u00fcmler \u00fcretiliyor. Bu kapsamda g\u00fcncel olarak, Bozdo\u011fan il\u00e7esi Alhisar, \u00d6rmep\u0131nar, H\u0131d\u0131rbaba ve Yeni Mahalle mahallelerinde, Buharkent il\u00e7esi il\u00e7e merkezi, Savc\u0131ll\u0131 ve Feslek mahallelerinde, \u00c7ine il\u00e7esi Sarn\u0131\u00e7, Alabay\u0131r, Cumhuriyet ve Top\u00e7am mahallelerinde \u00e7al\u0131\u015fmalar devam ediyor. Didim il\u00e7esi Akb\u00fck, Fevzipa\u015fa, Cumhuriyet ve Alt\u0131nkum mahalleleri ile Efeler il\u00e7e merkezi, Dalama, Alanl\u0131, Derek\u00f6y, Zeybek, Efeler, Il\u0131caba\u015f\u0131 ve Baltak\u00f6y Mahallelerinde de ASK\u0130 ekipleri sahada g\u00f6rev yap\u0131yor. Germencik il\u00e7esi Ortaklar, Mursall\u0131 ve Bozk\u00f6y mahallelerinde, \u0130ncirliova il\u00e7esi Sand\u0131kl\u0131, Arpadere ve Acarlar mahallelerinde, Karacasu il\u00e7esi Bah\u00e7ek\u00f6y, Yayk\u0131n, Yenice ve Yolalt\u0131 mahallelerinde altyap\u0131 \u00e7al\u0131\u015fmalar\u0131 s\u00fcrd\u00fcr\u00fcl\u00fcyor. Karpuzlu il\u00e7esi G\u00f6lc\u00fck Mahallesi, Ko\u00e7arl\u0131 il\u00e7esi Ba\u011farc\u0131k, Bo\u011fazi\u00e7i ve Orhaniye mahalleleri ile K\u00f6\u015fk il\u00e7esi \u00c7ar\u015f\u0131, Ak\u00e7ak\u00f6y ve Il\u0131da\u011f mahalleleri de \u00e7al\u0131\u015fmalar\u0131n y\u00fcr\u00fct\u00fcld\u00fc\u011f\u00fc noktalar aras\u0131nda yer al\u0131yor. ASK\u0130 Genel M\u00fcd\u00fcrl\u00fc\u011f\u00fc ekipleri ayr\u0131ca Ku\u015fadas\u0131 il\u00e7esi Ege, Kad\u0131nlar Denizi, Hac\u0131feyzullah, G\u00fczel\u00e7aml\u0131, Cumhuriyet ve Yavansu mahallelerinde, Kuyucak il\u00e7esi Yeni, \u0130\u011fdecik ve Karap\u0131nar mahallelerinde, Nazilli il\u00e7esi \u0130sabeyli ve Dall\u0131ca mahallelerinde, S\u00f6ke il\u00e7esi Yenicami, Yenikent ve Fevzipa\u015fa mahallelerinde, Sultanhisar il\u00e7esi At\u00e7a ve \u0130ncealan mahallelerinde ve Yenipazar il\u00e7e merkezi, H\u00fck\u00fcmet ile E\u011fridere mahallelerinde \u00e7al\u0131\u015fmalar\u0131n\u0131 aral\u0131ks\u0131z s\u00fcrd\u00fcr\u00fcyor.<\/p>\n<p>Ayd\u0131n B\u00fcy\u00fck\u015fehir Belediye Ba\u015fkan\u0131 \u00d6zlem \u00c7er\u00e7io\u011flu ise \u00e7al\u0131\u015fmalar\u0131n artarak devam edece\u011fini belirterek &#8220;Ayd\u0131n\u0131m\u0131z\u0131n t\u00fcm il\u00e7elerinde altyap\u0131 hizmetlerimizi planl\u0131 ve e\u015f zamanl\u0131 \u015fekilde s\u00fcrd\u00fcr\u00fcyoruz. Vatanda\u015flar\u0131m\u0131z\u0131n g\u00fcnl\u00fck ya\u015fam\u0131n\u0131 kolayla\u015ft\u0131ran, uzun y\u0131llar sorunsuz hizmet verecek altyap\u0131 yat\u0131r\u0131mlar\u0131n\u0131 hayata ge\u00e7irmeye devam ediyoruz. ASK\u0130 ekiplerimiz sahada b\u00fcy\u00fck bir \u00f6zveriyle \u00e7al\u0131\u015f\u0131yor. Hem\u015fehrilerimizi hizmetlerimizi ula\u015ft\u0131rmak i\u00e7in \u00e7al\u0131\u015fmalar\u0131m\u0131za devam edece\u011fiz&#8221; dedi.<br \/><\/p>\n","protected":false},"excerpt":{"rendered":"<p>Ayd\u0131n genelinde kanalizasyondan ya\u011fmur suyu hatlar\u0131na kadar y\u00fcr\u00fct\u00fclen altyap\u0131 \u00e7al\u0131\u015fmalar\u0131 devam ederken, Ayd\u0131n B\u00fcy\u00fck\u015fehir Belediye Ba\u015fkan\u0131 \u00d6zlem \u00c7er\u00e7io\u011flu; &#8220;Uzun y\u0131llar sorunsuz hizmet verecek altyap\u0131 yat\u0131r\u0131mlar\u0131n\u0131 hayata ge\u00e7irmeye devam ediyoruz&#8221; dedi. Ayd\u0131n B\u00fcy\u00fck\u015fehir Belediyesi Ayd\u0131n Su ve Kanalizasyon \u0130daresi Genel M\u00fcd\u00fcrl\u00fc\u011f\u00fc (ASK\u0130), Ayd\u0131n\u2019\u0131n t\u00fcm il\u00e7elerinde altyap\u0131 hizmetlerini g\u00fc\u00e7lendirmek amac\u0131yla e\u015f zamanl\u0131 \u00e7al\u0131\u015fmalar\u0131n\u0131 s\u00fcrd\u00fcr\u00fcyor. \u0130\u00e7me suyu, kanalizasyon&#8230;<\/p>\n","protected":false},"author":1,"featured_media":76343,"comment_status":"open","ping_status":"open","sticky":false,"template":"","format":"standard","meta":{"_crdt_document":"","footnotes":""},"categories":[1],"tags":[],"class_list":["post-76342","post","type-post","status-publish","format-standard","has-post-thumbnail","hentry","category-guncel"],"_links":{"self":[{"href":"https:\/\/www.egemtv.com\/index.php?rest_route=\/wp\/v2\/posts\/76342","targetHints":{"allow":["GET"]}}],"collection":[{"href":"https:\/\/www.egemtv.com\/index.php?rest_route=\/wp\/v2\/posts"}],"about":[{"href":"https:\/\/www.egemtv.com\/index.php?rest_route=\/wp\/v2\/types\/post"}],"author":[{"embeddable":true,"href":"https:\/\/www.egemtv.com\/index.php?rest_route=\/wp\/v2\/users\/1"}],"replies":[{"embeddable":true,"href":"https:\/\/www.egemtv.com\/index.php?rest_route=%2Fwp%2Fv2%2Fcomments&post=76342"}],"version-history":[{"count":1,"href":"https:\/\/www.egemtv.com\/index.php?rest_route=\/wp\/v2\/posts\/76342\/revisions"}],"predecessor-version":[{"id":76344,"href":"https:\/\/www.egemtv.com\/index.php?rest_route=\/wp\/v2\/posts\/76342\/revisions\/76344"}],"wp:featuredmedia":[{"embeddable":true,"href":"https:\/\/www.egemtv.com\/index.php?rest_route=\/wp\/v2\/media\/76343"}],"wp:attachment":[{"href":"https:\/\/www.egemtv.com\/index.php?rest_route=%2Fwp%2Fv2%2Fmedia&parent=76342"}],"wp:term":[{"taxonomy":"category","embeddable":true,"href":"https:\/\/www.egemtv.com\/index.php?rest_route=%2Fwp%2Fv2%2Fcategories&post=76342"},{"taxonomy":"post_tag","embeddable":true,"href":"https:\/\/www.egemtv.com\/index.php?rest_route=%2Fwp%2Fv2%2Ftags&post=76342"}],"curies":[{"name":"wp","href":"https:\/\/api.w.org\/{rel}","templated":true}]}}