{"id":76336,"date":"2025-12-24T14:15:12","date_gmt":"2025-12-24T11:15:12","guid":{"rendered":"https:\/\/www.egemtv.com\/?p=76336"},"modified":"2025-12-24T14:15:12","modified_gmt":"2025-12-24T11:15:12","slug":"denizlide-piyasa-degeri-3-milyon-tl-olan-kacak-mala-el-konuldu","status":"publish","type":"post","link":"https:\/\/www.egemtv.com\/?p=76336","title":{"rendered":"Denizli\u2019de piyasa de\u011feri 3 milyon TL olan ka\u00e7ak mala el konuldu"},"content":{"rendered":"<p>Denizli \u0130l Emniyet M\u00fcd\u00fcrl\u00fc\u011f\u00fc taraf\u0131ndan d\u00fczenlenen ka\u00e7ak\u00e7\u0131l\u0131kla m\u00fccadele operasyonu sonucunda yakla\u015f\u0131k piyasa de\u011feri 3 milyon TL olan otomobil par\u00e7as\u0131 ele ge\u00e7irildi.<\/p>\n<p>Denizli \u0130l Emniyet M\u00fcd\u00fcrl\u00fc\u011f\u00fc Ka\u00e7ak\u00e7\u0131l\u0131k ve Organize Su\u00e7larla M\u00fccadele \u015eube M\u00fcd\u00fcrl\u00fc\u011f\u00fc ekiplerince ka\u00e7ak\u00e7\u0131l\u0131kla m\u00fccadele kapsam\u0131nda y\u00fcr\u00fct\u00fclen saha ve analiz \u00e7al\u0131\u015fmalar\u0131 neticesinde, Denizli \u00fczerinden ba\u015fka bir ile ge\u00e7i\u015f yapaca\u011f\u0131 tespit edilen bir t\u0131r durduruldu. T\u0131r\u0131n dorsesinde yap\u0131lan aramada, piyasa de\u011feri yakla\u015f\u0131k 3 milyon TL olan 263 adet ka\u00e7ak t\u0131r lasti\u011fi ile 6 adet ka\u00e7ak jant ele ge\u00e7irildi.<\/p>\n<p>Olayla ilgili olarak yakalanan 1 \u015f\u00fcpheli \u015fah\u0131s hakk\u0131nda 5607 Say\u0131l\u0131 Ka\u00e7ak\u00e7\u0131l\u0131kla M\u00fccadele Kanununa muhalefet su\u00e7undan adli i\u015flem ba\u015flat\u0131l\u0131rken, su\u00e7ta kullan\u0131ld\u0131\u011f\u0131 de\u011ferlendirilen araca el konuldu.<br \/><\/p>\n","protected":false},"excerpt":{"rendered":"<p>Denizli \u0130l Emniyet M\u00fcd\u00fcrl\u00fc\u011f\u00fc taraf\u0131ndan d\u00fczenlenen ka\u00e7ak\u00e7\u0131l\u0131kla m\u00fccadele operasyonu sonucunda yakla\u015f\u0131k piyasa de\u011feri 3 milyon TL olan otomobil par\u00e7as\u0131 ele ge\u00e7irildi. Denizli \u0130l Emniyet M\u00fcd\u00fcrl\u00fc\u011f\u00fc Ka\u00e7ak\u00e7\u0131l\u0131k ve Organize Su\u00e7larla M\u00fccadele \u015eube M\u00fcd\u00fcrl\u00fc\u011f\u00fc ekiplerince ka\u00e7ak\u00e7\u0131l\u0131kla m\u00fccadele kapsam\u0131nda y\u00fcr\u00fct\u00fclen saha ve analiz \u00e7al\u0131\u015fmalar\u0131 neticesinde, Denizli \u00fczerinden ba\u015fka bir ile ge\u00e7i\u015f yapaca\u011f\u0131 tespit edilen bir t\u0131r durduruldu. T\u0131r\u0131n&#8230;<\/p>\n","protected":false},"author":1,"featured_media":76337,"comment_status":"open","ping_status":"open","sticky":false,"template":"","format":"standard","meta":{"_crdt_document":"","footnotes":""},"categories":[5],"tags":[],"class_list":["post-76336","post","type-post","status-publish","format-standard","has-post-thumbnail","hentry","category-asayis"],"_links":{"self":[{"href":"https:\/\/www.egemtv.com\/index.php?rest_route=\/wp\/v2\/posts\/76336","targetHints":{"allow":["GET"]}}],"collection":[{"href":"https:\/\/www.egemtv.com\/index.php?rest_route=\/wp\/v2\/posts"}],"about":[{"href":"https:\/\/www.egemtv.com\/index.php?rest_route=\/wp\/v2\/types\/post"}],"author":[{"embeddable":true,"href":"https:\/\/www.egemtv.com\/index.php?rest_route=\/wp\/v2\/users\/1"}],"replies":[{"embeddable":true,"href":"https:\/\/www.egemtv.com\/index.php?rest_route=%2Fwp%2Fv2%2Fcomments&post=76336"}],"version-history":[{"count":1,"href":"https:\/\/www.egemtv.com\/index.php?rest_route=\/wp\/v2\/posts\/76336\/revisions"}],"predecessor-version":[{"id":76338,"href":"https:\/\/www.egemtv.com\/index.php?rest_route=\/wp\/v2\/posts\/76336\/revisions\/76338"}],"wp:featuredmedia":[{"embeddable":true,"href":"https:\/\/www.egemtv.com\/index.php?rest_route=\/wp\/v2\/media\/76337"}],"wp:attachment":[{"href":"https:\/\/www.egemtv.com\/index.php?rest_route=%2Fwp%2Fv2%2Fmedia&parent=76336"}],"wp:term":[{"taxonomy":"category","embeddable":true,"href":"https:\/\/www.egemtv.com\/index.php?rest_route=%2Fwp%2Fv2%2Fcategories&post=76336"},{"taxonomy":"post_tag","embeddable":true,"href":"https:\/\/www.egemtv.com\/index.php?rest_route=%2Fwp%2Fv2%2Ftags&post=76336"}],"curies":[{"name":"wp","href":"https:\/\/api.w.org\/{rel}","templated":true}]}}