{"id":76333,"date":"2025-12-24T13:55:25","date_gmt":"2025-12-24T10:55:25","guid":{"rendered":"https:\/\/www.egemtv.com\/?p=76333"},"modified":"2025-12-24T13:55:26","modified_gmt":"2025-12-24T10:55:26","slug":"hibe-destegiyle-hayvancilik-yapan-besicilere-yonelik-denetim","status":"publish","type":"post","link":"https:\/\/www.egemtv.com\/?p=76333","title":{"rendered":"Hibe deste\u011fiyle hayvanc\u0131l\u0131k yapan besicilere y\u00f6nelik denetim"},"content":{"rendered":"<p>Afyonkarahisar\u2019da K\u0131rsal Kalk\u0131nmada Uzman Eller Projelerinin Desteklenmesi program\u0131 \u00e7er\u00e7evesinde hibe deste\u011fi alarak b\u00fcy\u00fckba\u015f ve k\u00fc\u00e7\u00fckba\u015f hayvan yeti\u015ftiricili\u011fi yapan besicilere y\u00f6nelik denetim yap\u0131ld\u0131.<br \/>\n<br \/>Afyonkarahisar Tar\u0131m ve Orman \u0130l M\u00fcd\u00fcrl\u00fc\u011f\u00fcnden yap\u0131lan a\u00e7\u0131klamada, kentte program \u00e7er\u00e7evesinde hibe deste\u011fi alan i\u015fletmelere y\u00f6nelik denetimlerin devam etti\u011fi kaydedildi. A\u00e7\u0131klamada, &#8220;\u0130l M\u00fcd\u00fcrl\u00fc\u011f\u00fcm\u00fcz K\u0131rsal Kalk\u0131nma ve \u00d6rg\u00fctlenme \u015eube M\u00fcd\u00fcrl\u00fc\u011f\u00fc teknik personelince Sand\u0131kl\u0131 ve Sinanpa\u015fa il\u00e7elerinde K\u0131rsal Kalk\u0131nmada Uzman Eller Projelerinin Desteklenmesi Program\u0131yla hibe deste\u011fi alarak b\u00fcy\u00fckba\u015f ve k\u00fc\u00e7\u00fckba\u015f hayvan yeti\u015ftiricili\u011fi yapan  i\u015fletmelere d\u00f6nemlik denetim ve teknik destek ziyaretleri s\u00fcr\u00fcyor. K\u0131rsal Kalk\u0131nma alan\u0131nda yap\u0131lan projeler ile tar\u0131m ve hayvanc\u0131l\u0131k potansiyelinin art\u0131r\u0131lmas\u0131 ve yerel ekonominin g\u00fc\u00e7lendirilmesi hedeflenmektedir&#8221; ifadelerine yer verildi.<br \/><\/p>\n","protected":false},"excerpt":{"rendered":"<p>Afyonkarahisar\u2019da K\u0131rsal Kalk\u0131nmada Uzman Eller Projelerinin Desteklenmesi program\u0131 \u00e7er\u00e7evesinde hibe deste\u011fi alarak b\u00fcy\u00fckba\u015f ve k\u00fc\u00e7\u00fckba\u015f hayvan yeti\u015ftiricili\u011fi yapan besicilere y\u00f6nelik denetim yap\u0131ld\u0131. Afyonkarahisar Tar\u0131m ve Orman \u0130l M\u00fcd\u00fcrl\u00fc\u011f\u00fcnden yap\u0131lan a\u00e7\u0131klamada, kentte program \u00e7er\u00e7evesinde hibe deste\u011fi alan i\u015fletmelere y\u00f6nelik denetimlerin devam etti\u011fi kaydedildi. A\u00e7\u0131klamada, &#8220;\u0130l M\u00fcd\u00fcrl\u00fc\u011f\u00fcm\u00fcz K\u0131rsal Kalk\u0131nma ve \u00d6rg\u00fctlenme \u015eube M\u00fcd\u00fcrl\u00fc\u011f\u00fc teknik personelince Sand\u0131kl\u0131 ve&#8230;<\/p>\n","protected":false},"author":1,"featured_media":76334,"comment_status":"open","ping_status":"open","sticky":false,"template":"","format":"standard","meta":{"_crdt_document":"","footnotes":""},"categories":[1],"tags":[],"class_list":["post-76333","post","type-post","status-publish","format-standard","has-post-thumbnail","hentry","category-guncel"],"_links":{"self":[{"href":"https:\/\/www.egemtv.com\/index.php?rest_route=\/wp\/v2\/posts\/76333","targetHints":{"allow":["GET"]}}],"collection":[{"href":"https:\/\/www.egemtv.com\/index.php?rest_route=\/wp\/v2\/posts"}],"about":[{"href":"https:\/\/www.egemtv.com\/index.php?rest_route=\/wp\/v2\/types\/post"}],"author":[{"embeddable":true,"href":"https:\/\/www.egemtv.com\/index.php?rest_route=\/wp\/v2\/users\/1"}],"replies":[{"embeddable":true,"href":"https:\/\/www.egemtv.com\/index.php?rest_route=%2Fwp%2Fv2%2Fcomments&post=76333"}],"version-history":[{"count":1,"href":"https:\/\/www.egemtv.com\/index.php?rest_route=\/wp\/v2\/posts\/76333\/revisions"}],"predecessor-version":[{"id":76335,"href":"https:\/\/www.egemtv.com\/index.php?rest_route=\/wp\/v2\/posts\/76333\/revisions\/76335"}],"wp:featuredmedia":[{"embeddable":true,"href":"https:\/\/www.egemtv.com\/index.php?rest_route=\/wp\/v2\/media\/76334"}],"wp:attachment":[{"href":"https:\/\/www.egemtv.com\/index.php?rest_route=%2Fwp%2Fv2%2Fmedia&parent=76333"}],"wp:term":[{"taxonomy":"category","embeddable":true,"href":"https:\/\/www.egemtv.com\/index.php?rest_route=%2Fwp%2Fv2%2Fcategories&post=76333"},{"taxonomy":"post_tag","embeddable":true,"href":"https:\/\/www.egemtv.com\/index.php?rest_route=%2Fwp%2Fv2%2Ftags&post=76333"}],"curies":[{"name":"wp","href":"https:\/\/api.w.org\/{rel}","templated":true}]}}