{"id":76330,"date":"2025-12-24T13:55:24","date_gmt":"2025-12-24T10:55:24","guid":{"rendered":"https:\/\/www.egemtv.com\/?p=76330"},"modified":"2025-12-24T13:55:24","modified_gmt":"2025-12-24T10:55:24","slug":"yeni-yilin-uzumleri-depodan-degil-bagdan","status":"publish","type":"post","link":"https:\/\/www.egemtv.com\/?p=76330","title":{"rendered":"Yeni y\u0131l\u0131n \u00fcz\u00fcmleri depodan de\u011fil ba\u011fdan"},"content":{"rendered":"<p>Manisa\u2019n\u0131n Sar\u0131g\u00f6l Ovas\u0131\u2019n\u0131n bereketli topraklar\u0131nda yeti\u015ftirilen sofral\u0131k Sultaniye ve \u00e7ekirdekli Red Globe \u00fcz\u00fcmler, dal\u0131nda taze olarak kesilerek yeni y\u0131l sofralar\u0131 i\u00e7in pazarlara g\u00f6nderilmeye ba\u015fland\u0131.<br \/>\n<br \/>Sar\u0131g\u00f6l il\u00e7esine ba\u011fl\u0131 Baharl\u0131 Mahallesi\u2019nden \u00fcz\u00fcm al\u0131c\u0131s\u0131 Mustafa Sar\u0131 taraf\u0131ndan sat\u0131n al\u0131nan Red Globe \u00fcz\u00fcmler, dal\u0131ndan kesildikten sonra ba\u015fta \u0130zmir olmak \u00fczere \u00e7evre illere sevk ediliyor. \u00d6rt\u00fc alt\u0131 ba\u011flarda yeti\u015ftirilen \u00fcz\u00fcmler, do\u011fal bir so\u011fuk hava deposu etkisi olu\u015fturarak \u00fcr\u00fcnlerin tazeli\u011fini uzun s\u00fcre korumas\u0131n\u0131 sa\u011fl\u0131yor.<br \/>\n<br \/>\u00dcz\u00fcm al\u0131c\u0131s\u0131 Mustafa Sar\u0131, &#8220;Bu y\u0131l yeni y\u0131la kadar \u00fcz\u00fcm kesimi yapaca\u011f\u0131m. Hatta 2026 y\u0131l\u0131n\u0131n ilk haftas\u0131na kadar ba\u011flardan kesim yapmay\u0131 d\u00fc\u015f\u00fcn\u00fcyorum. Dal\u0131nda bekleyen \u00fcz\u00fcm hem daha taze hem de daha lezzetli oluyor,&#8221; dedi.<br \/>\n<br \/>Sar\u0131g\u00f6l Ovas\u0131\u2019nda \u00f6rt\u00fc alt\u0131 ba\u011fc\u0131l\u0131k sayesinde, depoya girmeden do\u011frudan ba\u011fdan sofraya ula\u015fan \u00fcz\u00fcmler, t\u00fcketicilerden de yo\u011fun ilgi g\u00f6r\u00fcyor.<br \/><\/p>\n","protected":false},"excerpt":{"rendered":"<p>Manisa\u2019n\u0131n Sar\u0131g\u00f6l Ovas\u0131\u2019n\u0131n bereketli topraklar\u0131nda yeti\u015ftirilen sofral\u0131k Sultaniye ve \u00e7ekirdekli Red Globe \u00fcz\u00fcmler, dal\u0131nda taze olarak kesilerek yeni y\u0131l sofralar\u0131 i\u00e7in pazarlara g\u00f6nderilmeye ba\u015fland\u0131. Sar\u0131g\u00f6l il\u00e7esine ba\u011fl\u0131 Baharl\u0131 Mahallesi\u2019nden \u00fcz\u00fcm al\u0131c\u0131s\u0131 Mustafa Sar\u0131 taraf\u0131ndan sat\u0131n al\u0131nan Red Globe \u00fcz\u00fcmler, dal\u0131ndan kesildikten sonra ba\u015fta \u0130zmir olmak \u00fczere \u00e7evre illere sevk ediliyor. \u00d6rt\u00fc alt\u0131 ba\u011flarda yeti\u015ftirilen \u00fcz\u00fcmler,&#8230;<\/p>\n","protected":false},"author":1,"featured_media":76331,"comment_status":"open","ping_status":"open","sticky":false,"template":"","format":"standard","meta":{"_crdt_document":"","footnotes":""},"categories":[125],"tags":[],"class_list":["post-76330","post","type-post","status-publish","format-standard","has-post-thumbnail","hentry","category-ekonomi"],"_links":{"self":[{"href":"https:\/\/www.egemtv.com\/index.php?rest_route=\/wp\/v2\/posts\/76330","targetHints":{"allow":["GET"]}}],"collection":[{"href":"https:\/\/www.egemtv.com\/index.php?rest_route=\/wp\/v2\/posts"}],"about":[{"href":"https:\/\/www.egemtv.com\/index.php?rest_route=\/wp\/v2\/types\/post"}],"author":[{"embeddable":true,"href":"https:\/\/www.egemtv.com\/index.php?rest_route=\/wp\/v2\/users\/1"}],"replies":[{"embeddable":true,"href":"https:\/\/www.egemtv.com\/index.php?rest_route=%2Fwp%2Fv2%2Fcomments&post=76330"}],"version-history":[{"count":1,"href":"https:\/\/www.egemtv.com\/index.php?rest_route=\/wp\/v2\/posts\/76330\/revisions"}],"predecessor-version":[{"id":76332,"href":"https:\/\/www.egemtv.com\/index.php?rest_route=\/wp\/v2\/posts\/76330\/revisions\/76332"}],"wp:featuredmedia":[{"embeddable":true,"href":"https:\/\/www.egemtv.com\/index.php?rest_route=\/wp\/v2\/media\/76331"}],"wp:attachment":[{"href":"https:\/\/www.egemtv.com\/index.php?rest_route=%2Fwp%2Fv2%2Fmedia&parent=76330"}],"wp:term":[{"taxonomy":"category","embeddable":true,"href":"https:\/\/www.egemtv.com\/index.php?rest_route=%2Fwp%2Fv2%2Fcategories&post=76330"},{"taxonomy":"post_tag","embeddable":true,"href":"https:\/\/www.egemtv.com\/index.php?rest_route=%2Fwp%2Fv2%2Ftags&post=76330"}],"curies":[{"name":"wp","href":"https:\/\/api.w.org\/{rel}","templated":true}]}}