{"id":76324,"date":"2025-12-24T13:55:23","date_gmt":"2025-12-24T10:55:23","guid":{"rendered":"https:\/\/www.egemtv.com\/?p=76324"},"modified":"2025-12-24T13:55:23","modified_gmt":"2025-12-24T10:55:23","slug":"karsiliksiz-cek-firarisi-konakta-yakalandi","status":"publish","type":"post","link":"https:\/\/www.egemtv.com\/?p=76324","title":{"rendered":"\u2019Kar\u015f\u0131l\u0131ks\u0131z \u00e7ek\u2019 firarisi Konak\u2019ta yakaland\u0131"},"content":{"rendered":"<p>\u0130zmir\u2019in Konak il\u00e7esinde polisin aranan \u015fah\u0131slara y\u00f6nelik ger\u00e7ekle\u015ftirdi\u011fi denetimlerde, kar\u015f\u0131l\u0131ks\u0131z \u00e7ek su\u00e7undan hakk\u0131nda yakla\u015f\u0131k 14 y\u0131l hapis ve 840 bin TL para cezas\u0131 bulunan bir \u015fah\u0131s yakalanarak cezaevine g\u00f6nderildi.<br \/>\n<br \/>Konak \u0130l\u00e7e Emniyet M\u00fcd\u00fcrl\u00fc\u011f\u00fc Devriye Ekipler Amirli\u011fi ekipleri, 23 Aral\u0131k g\u00fcn\u00fc il\u00e7e genelinde aranan \u015fah\u0131slar\u0131n yakalanmas\u0131na y\u00f6nelik geni\u015f kapsaml\u0131 bir \u00e7al\u0131\u015fma ger\u00e7ekle\u015ftirdi. \u015e\u00fcphe \u00fczerine durdurulan ve kimlik sorgusu yap\u0131lan A.S. (47) isimli \u015fahs\u0131n \u00fczerinden dev bir su\u00e7 dosyas\u0131 \u00e7\u0131kt\u0131.<\/p>\n<p>Kar\u015f\u0131l\u0131ks\u0131z \u00e7ek firarisi \u00e7\u0131kt\u0131<br \/>\n<br \/>Yap\u0131lan GBT ve UYAP sorgulamas\u0131nda, A.S.\u2019nin \u2019\u00c7ekle \u0130lgili Kar\u015f\u0131l\u0131ks\u0131zd\u0131r \u0130\u015flemi Yap\u0131lmas\u0131na Sebebiyet Verme\u2019 su\u00e7undan arand\u0131\u011f\u0131 tespit edildi. \u015eahs\u0131n bu su\u00e7tan dolay\u0131 hakk\u0131nda kesinle\u015fmi\u015f 13 y\u0131l 10 ay 16 g\u00fcn hapis cezas\u0131 bulundu\u011fu belirlendi. Ayr\u0131ca zanl\u0131n\u0131n, hapis cezas\u0131n\u0131n yan\u0131 s\u0131ra 840 bin 730 TL adli para cezas\u0131yla da arand\u0131\u011f\u0131 anla\u015f\u0131ld\u0131.<\/p>\n<p>Cezaevine g\u00f6nderildi<br \/>\n<br \/>Ekiplerce k\u0131sk\u0131vrak yakalanarak g\u00f6zalt\u0131na al\u0131nan 47 ya\u015f\u0131ndaki A.S., emniyetteki i\u015flemlerinin tamamlanmas\u0131n\u0131n ard\u0131ndan adli mercilere sevk edildi. \u015e\u00fcpheli, tutuklanarak cezaevine teslim edildi.<br \/><\/p>\n","protected":false},"excerpt":{"rendered":"<p>\u0130zmir\u2019in Konak il\u00e7esinde polisin aranan \u015fah\u0131slara y\u00f6nelik ger\u00e7ekle\u015ftirdi\u011fi denetimlerde, kar\u015f\u0131l\u0131ks\u0131z \u00e7ek su\u00e7undan hakk\u0131nda yakla\u015f\u0131k 14 y\u0131l hapis ve 840 bin TL para cezas\u0131 bulunan bir \u015fah\u0131s yakalanarak cezaevine g\u00f6nderildi. Konak \u0130l\u00e7e Emniyet M\u00fcd\u00fcrl\u00fc\u011f\u00fc Devriye Ekipler Amirli\u011fi ekipleri, 23 Aral\u0131k g\u00fcn\u00fc il\u00e7e genelinde aranan \u015fah\u0131slar\u0131n yakalanmas\u0131na y\u00f6nelik geni\u015f kapsaml\u0131 bir \u00e7al\u0131\u015fma ger\u00e7ekle\u015ftirdi. \u015e\u00fcphe \u00fczerine durdurulan ve&#8230;<\/p>\n","protected":false},"author":1,"featured_media":76325,"comment_status":"open","ping_status":"open","sticky":false,"template":"","format":"standard","meta":{"_crdt_document":"","footnotes":""},"categories":[5],"tags":[],"class_list":["post-76324","post","type-post","status-publish","format-standard","has-post-thumbnail","hentry","category-asayis"],"_links":{"self":[{"href":"https:\/\/www.egemtv.com\/index.php?rest_route=\/wp\/v2\/posts\/76324","targetHints":{"allow":["GET"]}}],"collection":[{"href":"https:\/\/www.egemtv.com\/index.php?rest_route=\/wp\/v2\/posts"}],"about":[{"href":"https:\/\/www.egemtv.com\/index.php?rest_route=\/wp\/v2\/types\/post"}],"author":[{"embeddable":true,"href":"https:\/\/www.egemtv.com\/index.php?rest_route=\/wp\/v2\/users\/1"}],"replies":[{"embeddable":true,"href":"https:\/\/www.egemtv.com\/index.php?rest_route=%2Fwp%2Fv2%2Fcomments&post=76324"}],"version-history":[{"count":1,"href":"https:\/\/www.egemtv.com\/index.php?rest_route=\/wp\/v2\/posts\/76324\/revisions"}],"predecessor-version":[{"id":76326,"href":"https:\/\/www.egemtv.com\/index.php?rest_route=\/wp\/v2\/posts\/76324\/revisions\/76326"}],"wp:featuredmedia":[{"embeddable":true,"href":"https:\/\/www.egemtv.com\/index.php?rest_route=\/wp\/v2\/media\/76325"}],"wp:attachment":[{"href":"https:\/\/www.egemtv.com\/index.php?rest_route=%2Fwp%2Fv2%2Fmedia&parent=76324"}],"wp:term":[{"taxonomy":"category","embeddable":true,"href":"https:\/\/www.egemtv.com\/index.php?rest_route=%2Fwp%2Fv2%2Fcategories&post=76324"},{"taxonomy":"post_tag","embeddable":true,"href":"https:\/\/www.egemtv.com\/index.php?rest_route=%2Fwp%2Fv2%2Ftags&post=76324"}],"curies":[{"name":"wp","href":"https:\/\/api.w.org\/{rel}","templated":true}]}}