{"id":76321,"date":"2025-12-24T13:55:22","date_gmt":"2025-12-24T10:55:22","guid":{"rendered":"https:\/\/www.egemtv.com\/?p=76321"},"modified":"2025-12-24T13:55:22","modified_gmt":"2025-12-24T10:55:22","slug":"kadin-hirsiz-28-yil-hapisle-araniyordu-polis-kiskivrak-yakaladi","status":"publish","type":"post","link":"https:\/\/www.egemtv.com\/?p=76321","title":{"rendered":"Kad\u0131n h\u0131rs\u0131z, 28 y\u0131l hapisle aran\u0131yordu, polis k\u0131sk\u0131vrak yakalad\u0131"},"content":{"rendered":"<p>\u0130zmir\u2019in Karaba\u011flar il\u00e7esinde polisin titiz takibi sonucu d\u00fczenlenen operasyonda, hakk\u0131nda 28 y\u0131l kesinle\u015fmi\u015f hapis cezas\u0131 bulunan 24 ya\u015f\u0131ndaki kad\u0131n h\u0131rs\u0131z k\u0131sk\u0131vrak yakaland\u0131.<br \/>\n<br \/>Karaba\u011flar Su\u00e7 \u00d6nleme ve Soru\u015fturma B\u00fcro Amirli\u011fi ekipleri, \u00e7e\u015fitli h\u0131rs\u0131zl\u0131k su\u00e7lar\u0131ndan aranan 24 ya\u015f\u0131ndaki S.O.\u2019nun sakland\u0131\u011f\u0131 b\u00f6lgeyi tespit etti. \u015e\u00fcphelinin b\u00f6lgedeki bir adreste bulundu\u011fu bilgisini alan polis ekipleri, yap\u0131lan planl\u0131 operasyonla d\u0131\u015far\u0131 \u00e7\u0131kamadan yakalad\u0131klar\u0131 kad\u0131n zanl\u0131y\u0131, g\u00f6zalt\u0131na al\u0131narak emniyete g\u00f6t\u00fcr\u00fcld\u00fc.<\/p>\n<p>Su\u00e7 dosyas\u0131 kabar\u0131k \u00e7\u0131kt\u0131<br \/>\n<br \/>Emniyette yap\u0131lan detayl\u0131 UYAP sorgulamas\u0131nda, gen\u00e7 kad\u0131n\u0131n \u00e7e\u015fitli h\u0131rs\u0131zl\u0131k su\u00e7lar\u0131ndan hakk\u0131nda toplamda 28 y\u0131l 5 ay 3 g\u00fcn kesinle\u015fmi\u015f hapis cezas\u0131 bulundu\u011fu ortaya \u00e7\u0131kt\u0131. Uzun s\u00fcredir firari olan ve polisin pususuyla yakay\u0131 ele veren S.O., emniyetteki i\u015flemlerinin ard\u0131ndan sevk edildi\u011fi adli makamlarca tutuklanarak cezaevine g\u00f6nderildi.<br \/><\/p>\n","protected":false},"excerpt":{"rendered":"<p>\u0130zmir\u2019in Karaba\u011flar il\u00e7esinde polisin titiz takibi sonucu d\u00fczenlenen operasyonda, hakk\u0131nda 28 y\u0131l kesinle\u015fmi\u015f hapis cezas\u0131 bulunan 24 ya\u015f\u0131ndaki kad\u0131n h\u0131rs\u0131z k\u0131sk\u0131vrak yakaland\u0131. Karaba\u011flar Su\u00e7 \u00d6nleme ve Soru\u015fturma B\u00fcro Amirli\u011fi ekipleri, \u00e7e\u015fitli h\u0131rs\u0131zl\u0131k su\u00e7lar\u0131ndan aranan 24 ya\u015f\u0131ndaki S.O.\u2019nun sakland\u0131\u011f\u0131 b\u00f6lgeyi tespit etti. \u015e\u00fcphelinin b\u00f6lgedeki bir adreste bulundu\u011fu bilgisini alan polis ekipleri, yap\u0131lan planl\u0131 operasyonla d\u0131\u015far\u0131 \u00e7\u0131kamadan&#8230;<\/p>\n","protected":false},"author":1,"featured_media":76322,"comment_status":"open","ping_status":"open","sticky":false,"template":"","format":"standard","meta":{"_crdt_document":"","footnotes":""},"categories":[5],"tags":[],"class_list":["post-76321","post","type-post","status-publish","format-standard","has-post-thumbnail","hentry","category-asayis"],"_links":{"self":[{"href":"https:\/\/www.egemtv.com\/index.php?rest_route=\/wp\/v2\/posts\/76321","targetHints":{"allow":["GET"]}}],"collection":[{"href":"https:\/\/www.egemtv.com\/index.php?rest_route=\/wp\/v2\/posts"}],"about":[{"href":"https:\/\/www.egemtv.com\/index.php?rest_route=\/wp\/v2\/types\/post"}],"author":[{"embeddable":true,"href":"https:\/\/www.egemtv.com\/index.php?rest_route=\/wp\/v2\/users\/1"}],"replies":[{"embeddable":true,"href":"https:\/\/www.egemtv.com\/index.php?rest_route=%2Fwp%2Fv2%2Fcomments&post=76321"}],"version-history":[{"count":1,"href":"https:\/\/www.egemtv.com\/index.php?rest_route=\/wp\/v2\/posts\/76321\/revisions"}],"predecessor-version":[{"id":76323,"href":"https:\/\/www.egemtv.com\/index.php?rest_route=\/wp\/v2\/posts\/76321\/revisions\/76323"}],"wp:featuredmedia":[{"embeddable":true,"href":"https:\/\/www.egemtv.com\/index.php?rest_route=\/wp\/v2\/media\/76322"}],"wp:attachment":[{"href":"https:\/\/www.egemtv.com\/index.php?rest_route=%2Fwp%2Fv2%2Fmedia&parent=76321"}],"wp:term":[{"taxonomy":"category","embeddable":true,"href":"https:\/\/www.egemtv.com\/index.php?rest_route=%2Fwp%2Fv2%2Fcategories&post=76321"},{"taxonomy":"post_tag","embeddable":true,"href":"https:\/\/www.egemtv.com\/index.php?rest_route=%2Fwp%2Fv2%2Ftags&post=76321"}],"curies":[{"name":"wp","href":"https:\/\/api.w.org\/{rel}","templated":true}]}}