{"id":76318,"date":"2025-12-24T13:55:21","date_gmt":"2025-12-24T10:55:21","guid":{"rendered":"https:\/\/www.egemtv.com\/?p=76318"},"modified":"2025-12-24T13:55:22","modified_gmt":"2025-12-24T10:55:22","slug":"ortacada-yilin-son-sabah-namazi-bulusmasi-akkuyu-camiinde-oldu","status":"publish","type":"post","link":"https:\/\/www.egemtv.com\/?p=76318","title":{"rendered":"Ortaca\u2019da y\u0131l\u0131n son sabah namaz\u0131 bulu\u015fmas\u0131 Akkuyu Camii\u2019nde oldu"},"content":{"rendered":"<p>Mu\u011fla\u2019n\u0131n Ortaca \u0130l\u00e7e M\u00fcft\u00fcl\u00fc\u011f\u00fcnce d\u00fczenlenen &#8220;Ailece Camide Sabah Namaz\u0131nda Bulu\u015fuyoruz&#8221; program\u0131n\u0131n y\u0131l\u0131n son bulu\u015fmas\u0131, Akkuyu Mahalle Camii\u2019nde yo\u011fun kat\u0131l\u0131mla ger\u00e7ekle\u015ftirildi.<\/p>\n<p>Y\u0131l\u0131n son program\u0131 olma \u00f6zelli\u011fi ta\u015f\u0131yan bu anlaml\u0131 bulu\u015fma, cemaatin b\u00fcy\u00fck ilgisiyle manevi bir \u015f\u00f6len havas\u0131nda ge\u00e7ti. Seher vaktinde camide bir araya gelen vatanda\u015flar; Kur\u2019an-\u0131 Kerim tilaveti, tesbihat ve yap\u0131lan dualarla g\u00f6n\u00fcllerini huzurla doldurdu. Ailelerin ve gen\u00e7lerin kat\u0131l\u0131m\u0131n\u0131n y\u00fcksek oldu\u011fu programda birlik, beraberlik ve karde\u015flik duygular\u0131 camiye yans\u0131d\u0131. Namaz\u0131n ard\u0131ndan s\u0131cak \u00e7orba ikram\u0131nda bulunuldu.<\/p>\n<p>2026 y\u0131l\u0131nda da &#8220;Ailece Camide Sabah Namaz\u0131nda Bulu\u015fuyoruz&#8221; programlar\u0131n\u0131n farkl\u0131 mahalle camilerinde devam edece\u011fi \u00f6\u011frenildi.<br \/><\/p>\n","protected":false},"excerpt":{"rendered":"<p>Mu\u011fla\u2019n\u0131n Ortaca \u0130l\u00e7e M\u00fcft\u00fcl\u00fc\u011f\u00fcnce d\u00fczenlenen &#8220;Ailece Camide Sabah Namaz\u0131nda Bulu\u015fuyoruz&#8221; program\u0131n\u0131n y\u0131l\u0131n son bulu\u015fmas\u0131, Akkuyu Mahalle Camii\u2019nde yo\u011fun kat\u0131l\u0131mla ger\u00e7ekle\u015ftirildi. Y\u0131l\u0131n son program\u0131 olma \u00f6zelli\u011fi ta\u015f\u0131yan bu anlaml\u0131 bulu\u015fma, cemaatin b\u00fcy\u00fck ilgisiyle manevi bir \u015f\u00f6len havas\u0131nda ge\u00e7ti. Seher vaktinde camide bir araya gelen vatanda\u015flar; Kur\u2019an-\u0131 Kerim tilaveti, tesbihat ve yap\u0131lan dualarla g\u00f6n\u00fcllerini huzurla doldurdu. Ailelerin&#8230;<\/p>\n","protected":false},"author":1,"featured_media":76319,"comment_status":"open","ping_status":"open","sticky":false,"template":"","format":"standard","meta":{"_crdt_document":"","footnotes":""},"categories":[1],"tags":[],"class_list":["post-76318","post","type-post","status-publish","format-standard","has-post-thumbnail","hentry","category-guncel"],"_links":{"self":[{"href":"https:\/\/www.egemtv.com\/index.php?rest_route=\/wp\/v2\/posts\/76318","targetHints":{"allow":["GET"]}}],"collection":[{"href":"https:\/\/www.egemtv.com\/index.php?rest_route=\/wp\/v2\/posts"}],"about":[{"href":"https:\/\/www.egemtv.com\/index.php?rest_route=\/wp\/v2\/types\/post"}],"author":[{"embeddable":true,"href":"https:\/\/www.egemtv.com\/index.php?rest_route=\/wp\/v2\/users\/1"}],"replies":[{"embeddable":true,"href":"https:\/\/www.egemtv.com\/index.php?rest_route=%2Fwp%2Fv2%2Fcomments&post=76318"}],"version-history":[{"count":1,"href":"https:\/\/www.egemtv.com\/index.php?rest_route=\/wp\/v2\/posts\/76318\/revisions"}],"predecessor-version":[{"id":76320,"href":"https:\/\/www.egemtv.com\/index.php?rest_route=\/wp\/v2\/posts\/76318\/revisions\/76320"}],"wp:featuredmedia":[{"embeddable":true,"href":"https:\/\/www.egemtv.com\/index.php?rest_route=\/wp\/v2\/media\/76319"}],"wp:attachment":[{"href":"https:\/\/www.egemtv.com\/index.php?rest_route=%2Fwp%2Fv2%2Fmedia&parent=76318"}],"wp:term":[{"taxonomy":"category","embeddable":true,"href":"https:\/\/www.egemtv.com\/index.php?rest_route=%2Fwp%2Fv2%2Fcategories&post=76318"},{"taxonomy":"post_tag","embeddable":true,"href":"https:\/\/www.egemtv.com\/index.php?rest_route=%2Fwp%2Fv2%2Ftags&post=76318"}],"curies":[{"name":"wp","href":"https:\/\/api.w.org\/{rel}","templated":true}]}}