{"id":76315,"date":"2025-12-24T13:34:34","date_gmt":"2025-12-24T10:34:34","guid":{"rendered":"https:\/\/www.egemtv.com\/?p=76315"},"modified":"2025-12-24T13:34:35","modified_gmt":"2025-12-24T10:34:35","slug":"manisada-aile-yapisinin-guclendirilmesi-icin-toplanti-yapildi","status":"publish","type":"post","link":"https:\/\/www.egemtv.com\/?p=76315","title":{"rendered":"Manisa\u2019da aile yap\u0131s\u0131n\u0131n g\u00fc\u00e7lendirilmesi i\u00e7in toplant\u0131 yap\u0131ld\u0131"},"content":{"rendered":"<p>Manisa Valisi Vahdettin \u00d6zkan ba\u015fkanl\u0131\u011f\u0131nda ger\u00e7ekle\u015ftirilen Ailenin Korunmas\u0131 ve G\u00fc\u00e7lendirilmesi \u0130l Koordinasyon Kurulu Toplant\u0131s\u0131nda toplumun temel yap\u0131 ta\u015f\u0131 olan ailenin korunmas\u0131, g\u00fc\u00e7lendirilmesi ve aile odakl\u0131 sosyal politikalar\u0131n etkinli\u011finin art\u0131r\u0131lmas\u0131na y\u00f6nelik \u00e7al\u0131\u015fmalar ele al\u0131nd\u0131.<br \/>\n<br \/>Ailenin Korunmas\u0131 ve G\u00fc\u00e7lendirilmesi \u0130l Koordinasyon Kurulu Toplant\u0131s\u0131 Vali Vahdettin \u00d6zkan ba\u015fkanl\u0131\u011f\u0131nda ger\u00e7ekle\u015ftirildi. Toplant\u0131da; toplumun temel yap\u0131 ta\u015f\u0131 olan ailenin korunmas\u0131, g\u00fc\u00e7lendirilmesi ve aile odakl\u0131 sosyal politikalar\u0131n etkinli\u011finin art\u0131r\u0131lmas\u0131na y\u00f6nelik \u00e7al\u0131\u015fmalar ele al\u0131nd\u0131. 2025 y\u0131l\u0131n\u0131n &#8220;Aile Y\u0131l\u0131&#8221; ilan edilmesi kapsam\u0131nda Manisa\u2019da y\u00fcr\u00fct\u00fclen faaliyetler ve projeler g\u00f6zden ge\u00e7irilerek, uygulamalar\u0131n mevcut durumu ve geli\u015ftirilmesine y\u00f6nelik hususlar de\u011ferlendirildi.<br \/>\n<br \/>Vali Vahdettin \u00d6zkan, g\u00fc\u00e7l\u00fc aile yap\u0131s\u0131n\u0131n g\u00fc\u00e7l\u00fc bir toplumun temeli oldu\u011funu belirterek, Manisa\u2019da aileyi merkeze alan sosyal hizmet ve destek mekanizmalar\u0131n\u0131n daha etkin \u015fekilde y\u00fcr\u00fct\u00fclmesi amac\u0131yla \u00e7al\u0131\u015fmalar\u0131n s\u00fcrece\u011fini ifade etti.<br \/>\n<br \/>Vali \u00d6zkan konu\u015fmas\u0131n\u0131n devam\u0131nda &#8220;Aileyi ve insan\u0131 oda\u011fa almak, sa\u011fl\u0131kl\u0131 ve g\u00fc\u00e7l\u00fc bir toplumun temelidir. \u0130nsani de\u011ferlerin tabiat\u0131na uygun refleksler geli\u015ftirmek, toplumsal dayan\u0131\u015fmay\u0131 g\u00fc\u00e7lendirecektir. Valilik olarak kurumlar\u0131m\u0131z ve STK\u2019lar\u0131m\u0131z ile y\u00fcr\u00fctt\u00fc\u011f\u00fcm\u00fcz \u00e7al\u0131\u015fmalar, aileyi merkeze alan sosyal hizmet ve destek mekanizmalar\u0131n\u0131n etkinli\u011fini art\u0131rmay\u0131 ama\u00e7lamaktad\u0131r. Sosyal hizmet uzmanlar\u0131m\u0131z\u0131n tespitleri do\u011frultusunda, uygulamalarda iyile\u015ftirme yap\u0131lmas\u0131 gereken alanlar\u0131 belirleyip daha etkili ad\u0131mlar atmak i\u00e7in \u00e7al\u0131\u015faca\u011f\u0131z&#8221; ifadelerini kulland\u0131.<br \/>\n<br \/>Toplant\u0131da, ayr\u0131ca 2025 Aile Y\u0131l\u0131 kapsam\u0131nda elde edilen kazan\u0131mlar da dikkate al\u0131narak, 2026 y\u0131l\u0131 \u00e7al\u0131\u015fmalar\u0131n\u0131n planlanmas\u0131na katk\u0131 sunmak amac\u0131yla payda\u015f kurumlar\u0131n g\u00f6r\u00fc\u015f ve \u00f6nerileri al\u0131narak; yeni d\u00f6nem faaliyetlerinin daha etkili ve koordineli y\u00fcr\u00fct\u00fclmesine y\u00f6nelik isti\u015farelerde bulunuldu.<br \/><\/p>\n","protected":false},"excerpt":{"rendered":"<p>Manisa Valisi Vahdettin \u00d6zkan ba\u015fkanl\u0131\u011f\u0131nda ger\u00e7ekle\u015ftirilen Ailenin Korunmas\u0131 ve G\u00fc\u00e7lendirilmesi \u0130l Koordinasyon Kurulu Toplant\u0131s\u0131nda toplumun temel yap\u0131 ta\u015f\u0131 olan ailenin korunmas\u0131, g\u00fc\u00e7lendirilmesi ve aile odakl\u0131 sosyal politikalar\u0131n etkinli\u011finin art\u0131r\u0131lmas\u0131na y\u00f6nelik \u00e7al\u0131\u015fmalar ele al\u0131nd\u0131. Ailenin Korunmas\u0131 ve G\u00fc\u00e7lendirilmesi \u0130l Koordinasyon Kurulu Toplant\u0131s\u0131 Vali Vahdettin \u00d6zkan ba\u015fkanl\u0131\u011f\u0131nda ger\u00e7ekle\u015ftirildi. Toplant\u0131da; toplumun temel yap\u0131 ta\u015f\u0131 olan ailenin korunmas\u0131, g\u00fc\u00e7lendirilmesi&#8230;<\/p>\n","protected":false},"author":1,"featured_media":76316,"comment_status":"open","ping_status":"open","sticky":false,"template":"","format":"standard","meta":{"_crdt_document":"","footnotes":""},"categories":[1],"tags":[],"class_list":["post-76315","post","type-post","status-publish","format-standard","has-post-thumbnail","hentry","category-guncel"],"_links":{"self":[{"href":"https:\/\/www.egemtv.com\/index.php?rest_route=\/wp\/v2\/posts\/76315","targetHints":{"allow":["GET"]}}],"collection":[{"href":"https:\/\/www.egemtv.com\/index.php?rest_route=\/wp\/v2\/posts"}],"about":[{"href":"https:\/\/www.egemtv.com\/index.php?rest_route=\/wp\/v2\/types\/post"}],"author":[{"embeddable":true,"href":"https:\/\/www.egemtv.com\/index.php?rest_route=\/wp\/v2\/users\/1"}],"replies":[{"embeddable":true,"href":"https:\/\/www.egemtv.com\/index.php?rest_route=%2Fwp%2Fv2%2Fcomments&post=76315"}],"version-history":[{"count":1,"href":"https:\/\/www.egemtv.com\/index.php?rest_route=\/wp\/v2\/posts\/76315\/revisions"}],"predecessor-version":[{"id":76317,"href":"https:\/\/www.egemtv.com\/index.php?rest_route=\/wp\/v2\/posts\/76315\/revisions\/76317"}],"wp:featuredmedia":[{"embeddable":true,"href":"https:\/\/www.egemtv.com\/index.php?rest_route=\/wp\/v2\/media\/76316"}],"wp:attachment":[{"href":"https:\/\/www.egemtv.com\/index.php?rest_route=%2Fwp%2Fv2%2Fmedia&parent=76315"}],"wp:term":[{"taxonomy":"category","embeddable":true,"href":"https:\/\/www.egemtv.com\/index.php?rest_route=%2Fwp%2Fv2%2Fcategories&post=76315"},{"taxonomy":"post_tag","embeddable":true,"href":"https:\/\/www.egemtv.com\/index.php?rest_route=%2Fwp%2Fv2%2Ftags&post=76315"}],"curies":[{"name":"wp","href":"https:\/\/api.w.org\/{rel}","templated":true}]}}