{"id":76312,"date":"2025-12-24T13:15:20","date_gmt":"2025-12-24T10:15:20","guid":{"rendered":"https:\/\/www.egemtv.com\/?p=76312"},"modified":"2025-12-24T13:15:21","modified_gmt":"2025-12-24T10:15:21","slug":"aliaga-ihracatta-turkiyenin-ikinci-buyuk-gumrugu-oldu","status":"publish","type":"post","link":"https:\/\/www.egemtv.com\/?p=76312","title":{"rendered":"Alia\u011fa, ihracatta T\u00fcrkiye\u2019nin ikinci b\u00fcy\u00fck g\u00fcmr\u00fc\u011f\u00fc oldu"},"content":{"rendered":"<p>\u0130MEAK Deniz Ticaret Odas\u0131 (DTO) Alia\u011fa \u015eube Ba\u015fkan\u0131 Adem \u015eim\u015fek, 2025 y\u0131l\u0131n\u0131n ilk 11 ay\u0131nda Alia\u011fa limanlar\u0131na u\u011frak yapan gemi say\u0131s\u0131n\u0131n 5 bin 701 oldu\u011funu, ge\u00e7en y\u0131la g\u00f6re y\u00fczde 2,40 art\u0131\u015f ya\u015fand\u0131\u011f\u0131n\u0131 belirterek, Alia\u011fa\u2019n\u0131n Kocaeli\u2019nin ard\u0131ndan T\u00fcrkiye genelinde ikinci s\u0131radaki yerini korudu\u011funu ifade etti.<br \/>\n<br \/>\u0130MEAK Deniz Ticaret Odas\u0131 (DTO) Alia\u011fa \u015eubesi, 2025 y\u0131l\u0131n\u0131n de\u011ferlendirildi\u011fi ve gelecek d\u00f6neme ili\u015fkin hedeflerin ele al\u0131nd\u0131\u011f\u0131 y\u0131l\u0131n son meclis toplant\u0131s\u0131n\u0131 ger\u00e7ekle\u015ftirdi. Aral\u0131k ay\u0131 meclis toplant\u0131s\u0131nda oda faaliyetleri, Alia\u011fa limanlar\u0131na ili\u015fkin istatistikler ve b\u00f6lgenin ekonomik performans\u0131 de\u011ferlendirildi.<br \/>\n<br \/>Toplant\u0131da konu\u015fan Y\u00f6netim Kurulu Ba\u015fkan\u0131 Adem \u015eim\u015fek, 2025 y\u0131l\u0131 Ocak\u2013Kas\u0131m d\u00f6nemine ili\u015fkin de\u011ferlendirmesinde Alia\u011fa limanlar\u0131n\u0131n T\u00fcrkiye deniz ticaretindeki stratejik ve istikrarl\u0131 konumunu s\u00fcrd\u00fcrd\u00fc\u011f\u00fcn\u00fc belirtti. \u015eim\u015fek, 2025 y\u0131l\u0131n\u0131n ilk 11 ay\u0131nda Alia\u011fa limanlar\u0131na u\u011frak yapan gemi say\u0131s\u0131n\u0131n 5 bin 701 oldu\u011funu, ge\u00e7en y\u0131la g\u00f6re y\u00fczde 2,40 art\u0131\u015f ya\u015fand\u0131\u011f\u0131n\u0131 ve Alia\u011fa\u2019n\u0131n Kocaeli\u2019nin ard\u0131ndan T\u00fcrkiye genelinde ikinci s\u0131radaki yerini korudu\u011funu ifade etti.<br \/>\n<br \/>Ege B\u00f6lgesi gemi trafi\u011fine de de\u011finen \u015eim\u015fek, ayn\u0131 d\u00f6nemde \u0130zmir Liman\u0131\u2019na bin 221, Dikili Liman\u0131\u2019na ise 295 geminin u\u011frak yapt\u0131\u011f\u0131n\u0131, Dikili Liman\u0131\u2019nda y\u00fczde 68 art\u0131\u015f ya\u015fan\u0131rken \u0130zmir Liman\u0131\u2019nda y\u00fczde 13,58 oran\u0131nda d\u00fc\u015f\u00fc\u015f ger\u00e7ekle\u015fti\u011fini kaydetti.<\/p>\n<p>Alia\u011fa elle\u00e7lemede liderli\u011fini s\u00fcrd\u00fcr\u00fcyor<br \/>\n<br \/>Y\u00fck elle\u00e7leme verilerine ili\u015fkin bilgi veren \u015eim\u015fek, 2025 y\u0131l\u0131n\u0131n ilk 11 ay\u0131nda Alia\u011fa limanlar\u0131nda 80 milyon 573 bin 424 ton net y\u00fck elle\u00e7lendi\u011fini, ge\u00e7en y\u0131l\u0131n ayn\u0131 d\u00f6neminde bu rakam\u0131n 77 milyon 992 bin 685 ton oldu\u011funu ve y\u00fczde 3,31\u2019lik art\u0131\u015fla net ton baz\u0131nda liderli\u011fin korundu\u011funu s\u00f6yledi.<br \/>\n<br \/>Son 20 y\u0131lda Alia\u011fa limanlar\u0131nda net ton elle\u00e7leme miktar\u0131n\u0131n yakla\u015f\u0131k \u00fc\u00e7 kat artarak 2024 y\u0131l\u0131nda 85,5 milyon tona ula\u015ft\u0131\u011f\u0131n\u0131 belirten \u015eim\u015fek, pandemi sonras\u0131 d\u00f6nemde ise yakla\u015f\u0131k y\u00fczde 30\u2019luk b\u00fcy\u00fcme ya\u015fand\u0131\u011f\u0131n\u0131 ifade etti. Ayn\u0131 d\u00f6nemde 32 milyon 938 bin 440 ton y\u00fckleme ger\u00e7ekle\u015ftirildi\u011fini aktaran \u015eim\u015fek, bu alanda y\u00fczde 4,45\u2019lik art\u0131\u015fla Alia\u011fa\u2019n\u0131n lider konumda bulundu\u011funu dile getirdi. \u015eim\u015fek, 2025 y\u0131l\u0131n\u0131n ilk 11 ay\u0131nda 47 milyon 634 bin 984 ton bo\u015faltma yap\u0131ld\u0131\u011f\u0131n\u0131, bunun ge\u00e7en y\u0131la g\u00f6re y\u00fczde 2,53 art\u0131\u015f anlam\u0131na geldi\u011fini ve Alia\u011fa\u2019n\u0131n T\u00fcrkiye genelinde en \u00e7ok bo\u015faltma elle\u00e7lemesi yapan ikinci liman konumunda oldu\u011funu s\u00f6yledi.<br \/>\n<br \/>Konteyner verilerine de de\u011finen \u015eim\u015fek, 2025 y\u0131l\u0131n\u0131n ilk 11 ay\u0131nda Alia\u011fa limanlar\u0131nda 1 milyon 577 bin 208 TEU konteyner elle\u00e7lendi\u011fini, ge\u00e7en y\u0131l\u0131n ayn\u0131 d\u00f6nemine g\u00f6re y\u00fczde 19,43\u2019l\u00fck azal\u0131\u015f ya\u015fanmas\u0131na ra\u011fmen Alia\u011fa\u2019n\u0131n T\u00fcrkiye genelinde 5\u2019inci s\u0131radaki yerini korudu\u011funu belirtti. Toplam groston baz\u0131nda ise 106 milyon 234 bin 292 ton elle\u00e7leme yap\u0131ld\u0131\u011f\u0131n\u0131 ve Alia\u011fa\u2019n\u0131n bu alanda Kocaeli\u2019nin ard\u0131ndan ikinci s\u0131rada bulundu\u011funu ifade etti.<\/p>\n<p>&#8220;G\u00fcmr\u00fck verileri Alia\u011fa\u2019n\u0131n stratejik g\u00fcc\u00fcn\u00fc ortaya koyuyor&#8221;<br \/>\n<br \/>G\u00fcmr\u00fcklere g\u00f6re ihracat rakamlar\u0131n\u0131 da de\u011ferlendiren \u015eim\u015fek, Alia\u011fa G\u00fcmr\u00fck M\u00fcd\u00fcrl\u00fc\u011f\u00fc\u2019n\u00fcn T\u00fcrkiye genelinde ihracat hacmi bak\u0131m\u0131ndan ikinci en b\u00fcy\u00fck g\u00fcmr\u00fck noktas\u0131 olma konumunu s\u00fcrd\u00fcrd\u00fc\u011f\u00fcn\u00fc belirtti.<br \/>\n<br \/>Alia\u011fa\u2019n\u0131n 2020 y\u0131l\u0131nda 12,6 milyar dolar olan ihracat hacminin, 2025 y\u0131l sonu tahminiyle 22 milyar dolar seviyesine \u00e7\u0131kar\u0131lmas\u0131n\u0131n hedeflendi\u011fini ifade eden \u015eim\u015fek, bu art\u0131\u015f\u0131n be\u015f y\u0131lda yakla\u015f\u0131k y\u00fczde 74\u2019l\u00fck bir b\u00fcy\u00fcmeye kar\u015f\u0131l\u0131k geldi\u011fini s\u00f6yledi.<br \/>\n<br \/>2024 verilerine g\u00f6re Alia\u011fa limanlar\u0131nda 34,2 milyon ton ihracat ve 51,2 milyon ton ithalat ger\u00e7ekle\u015ftirildi\u011fini aktaran \u015eim\u015fek, bu tablonun Alia\u011fa\u2019n\u0131n ham maddeyi i\u015fleyerek katma de\u011ferli \u00fcr\u00fcne d\u00f6n\u00fc\u015ft\u00fcren g\u00fc\u00e7l\u00fc ve entegre bir end\u00fcstriyel yap\u0131ya sahip oldu\u011funu g\u00f6sterdi\u011fini ifade etti.<br \/>\n<br \/>\u015eim\u015fek, Alia\u011fa\u2019n\u0131n T\u00fcrkiye\u2019nin toplam ihracat\u0131nda y\u00fczde 8 band\u0131nda istikrarl\u0131 bir paya sahip oldu\u011funu belirterek, 2025 y\u0131l sonu itibar\u0131yla Alia\u011fa\u2019n\u0131n yakla\u015f\u0131k 22 milyar dolarl\u0131k ihracatla T\u00fcrkiye ihracat\u0131n\u0131n y\u00fczde 8,2\u2019sini kar\u015f\u0131lamas\u0131n\u0131n beklendi\u011fini ifade etti. Ayn\u0131 d\u00f6nemde Alia\u011fa\u2019n\u0131n ithalattaki pay\u0131n\u0131n ise y\u00fczde 3,8 seviyesinde olaca\u011f\u0131n\u0131n \u00f6ng\u00f6r\u00fcld\u00fc\u011f\u00fcn\u00fc belirten \u015eim\u015fek, bu verilerin Alia\u011fa\u2019n\u0131n ithal etti\u011finden daha fazlas\u0131n\u0131 ihra\u00e7 eden, d\u0131\u015f ticaret fazlas\u0131 veren ve T\u00fcrkiye ekonomisine pozitif katk\u0131 sa\u011flayan net bir ihracat merkezi oldu\u011funu ortaya koydu\u011funu kaydetti.<br \/>\n<br \/>Meclis Ba\u015fkan\u0131 \u0130smail \u00d6nal ba\u015fkanl\u0131\u011f\u0131nda d\u00fczenlenen toplant\u0131ya; \u0130MEAK DTO Alia\u011fa \u015eubesi Y\u00f6netim Kurulu Ba\u015fkan\u0131 Adem \u015eim\u015fek, Alia\u011fa B\u00f6lge Liman Ba\u015fkan\u0131 G\u00fcnhur \u015eanl\u0131, Alia\u011fa Deniz Liman \u015eube M\u00fcd\u00fcr\u00fc Kadir Sonocak, \u0130MEAK Deniz Ticaret Odas\u0131 E\u011fitim Komisyonu Y\u00f6netim Kurulu \u00dcyesi \u0130smail G\u00f6rg\u00fcn, Genel Sekreter Yard\u0131mc\u0131s\u0131 Alper Ke\u00e7eli, Meclis \u00dcyeleri Burak Atasoy ,Teoman Mustafa Akyol ile E\u011fitim M\u00fcd\u00fcr\u00fc Bahad\u0131r K\u00fc\u00e7\u00fck, \u015eim\u015fekler Gemi S\u00f6k\u00fcm Tersanesi Y\u00f6netim Kurulu Ba\u015fkan\u0131 ve \u0130MEAK Deniz Ticaret Odas\u0131 Merkez Meclis \u00dcyesi Orbay \u015eim\u015fek ile \u015fube meclis \u00fcyeleri kat\u0131ld\u0131.<br \/><\/p>\n","protected":false},"excerpt":{"rendered":"<p>\u0130MEAK Deniz Ticaret Odas\u0131 (DTO) Alia\u011fa \u015eube Ba\u015fkan\u0131 Adem \u015eim\u015fek, 2025 y\u0131l\u0131n\u0131n ilk 11 ay\u0131nda Alia\u011fa limanlar\u0131na u\u011frak yapan gemi say\u0131s\u0131n\u0131n 5 bin 701 oldu\u011funu, ge\u00e7en y\u0131la g\u00f6re y\u00fczde 2,40 art\u0131\u015f ya\u015fand\u0131\u011f\u0131n\u0131 belirterek, Alia\u011fa\u2019n\u0131n Kocaeli\u2019nin ard\u0131ndan T\u00fcrkiye genelinde ikinci s\u0131radaki yerini korudu\u011funu ifade etti. \u0130MEAK Deniz Ticaret Odas\u0131 (DTO) Alia\u011fa \u015eubesi, 2025 y\u0131l\u0131n\u0131n de\u011ferlendirildi\u011fi ve&#8230;<\/p>\n","protected":false},"author":1,"featured_media":76313,"comment_status":"open","ping_status":"open","sticky":false,"template":"","format":"standard","meta":{"_crdt_document":"","footnotes":""},"categories":[125],"tags":[],"class_list":["post-76312","post","type-post","status-publish","format-standard","has-post-thumbnail","hentry","category-ekonomi"],"_links":{"self":[{"href":"https:\/\/www.egemtv.com\/index.php?rest_route=\/wp\/v2\/posts\/76312","targetHints":{"allow":["GET"]}}],"collection":[{"href":"https:\/\/www.egemtv.com\/index.php?rest_route=\/wp\/v2\/posts"}],"about":[{"href":"https:\/\/www.egemtv.com\/index.php?rest_route=\/wp\/v2\/types\/post"}],"author":[{"embeddable":true,"href":"https:\/\/www.egemtv.com\/index.php?rest_route=\/wp\/v2\/users\/1"}],"replies":[{"embeddable":true,"href":"https:\/\/www.egemtv.com\/index.php?rest_route=%2Fwp%2Fv2%2Fcomments&post=76312"}],"version-history":[{"count":1,"href":"https:\/\/www.egemtv.com\/index.php?rest_route=\/wp\/v2\/posts\/76312\/revisions"}],"predecessor-version":[{"id":76314,"href":"https:\/\/www.egemtv.com\/index.php?rest_route=\/wp\/v2\/posts\/76312\/revisions\/76314"}],"wp:featuredmedia":[{"embeddable":true,"href":"https:\/\/www.egemtv.com\/index.php?rest_route=\/wp\/v2\/media\/76313"}],"wp:attachment":[{"href":"https:\/\/www.egemtv.com\/index.php?rest_route=%2Fwp%2Fv2%2Fmedia&parent=76312"}],"wp:term":[{"taxonomy":"category","embeddable":true,"href":"https:\/\/www.egemtv.com\/index.php?rest_route=%2Fwp%2Fv2%2Fcategories&post=76312"},{"taxonomy":"post_tag","embeddable":true,"href":"https:\/\/www.egemtv.com\/index.php?rest_route=%2Fwp%2Fv2%2Ftags&post=76312"}],"curies":[{"name":"wp","href":"https:\/\/api.w.org\/{rel}","templated":true}]}}