{"id":76309,"date":"2025-12-24T13:15:19","date_gmt":"2025-12-24T10:15:19","guid":{"rendered":"https:\/\/www.egemtv.com\/?p=76309"},"modified":"2025-12-24T13:15:20","modified_gmt":"2025-12-24T10:15:20","slug":"muglada-hokey-sinirlari-asiyor","status":"publish","type":"post","link":"https:\/\/www.egemtv.com\/?p=76309","title":{"rendered":"Mu\u011fla\u2019da hokey s\u0131n\u0131rlar\u0131 a\u015f\u0131yor"},"content":{"rendered":"<p>Mu\u011fla\u2019n\u0131n hokey kul\u00fcpleri ile G\u00fcrcistan Hokey Federasyonu aras\u0131nda imzalanan tarihi protokol sayesinde, iki \u00fclke aras\u0131nda sporcu transferi ve ortak geli\u015fim kamplar\u0131n\u0131n yolu a\u00e7\u0131ld\u0131.<br \/>\n<br \/>Mu\u011fla, hokey sporunda uluslararas\u0131 bir ba\u015far\u0131ya daha imza atarak spor diplomasisinde \u00e7\u0131tay\u0131 y\u00fckseltti. G\u00fcrcistan\u2019da d\u00fczenlenen Uluslararas\u0131 Tiflis Kupas\u0131 s\u0131ras\u0131nda ger\u00e7ekle\u015fen g\u00f6r\u00fc\u015fmeler neticesinde, Mu\u011fla\u2019daki hokey kul\u00fcpleri ile G\u00fcrcistan Hokey Federasyonu aras\u0131nda kapsaml\u0131 bir i\u015f birli\u011fi protokol\u00fc imzaland\u0131.<br \/>\n<br \/>Mu\u011fla Hokey \u0130l Temsilcisi Serkan \u015een, Tiflis\u2019te G\u00fcrcistan Hokey Federasyonu Ba\u015fkan\u0131 Avtandil Tevdoradze ve Genel Sekreter Toko Tevdoradze ile bir araya gelerek anla\u015fman\u0131n detaylar\u0131n\u0131 karara ba\u011flad\u0131. Protokol; Mu\u011fla\u2019y\u0131 temsil eden Ege Y\u0131ld\u0131zlar\u0131, K\u00f6yce\u011fiz G\u00f6l, Bodrum G\u00fcndo\u011fan, MY Boz\u00fcy\u00fck, Mu\u011fla Hokey Kul\u00fcb\u00fc ve Yata\u011fan Mu\u011fla Olimpik Spor Kul\u00fcpleri ad\u0131na imzaland\u0131.<br \/>\n<br \/>\u0130mzalanan protokol sonras\u0131 a\u00e7\u0131klamalarda bulunan Mu\u011fla Hokey \u0130l Temsilcisi Serkan \u015een, Mu\u011fla\u2019n\u0131n hokeydeki potansiyeline vurgu yaparak \u015funlar\u0131 s\u00f6yledi: &#8220;Mu\u011fla ilimizin hokeydeki potansiyeli \u00e7ok fazla. Daha \u00f6nce \u0130ran ve Tayland ile hayata ge\u00e7irdi\u011fimiz ba\u015far\u0131l\u0131 i\u015f birliklerine bir yenisini daha ekleyerek bu kez G\u00fcrcistan ile el s\u0131k\u0131\u015ft\u0131k. Bu i\u015f birli\u011fi, ilerleyen a\u015famalarda her iki \u00fclkenin kul\u00fcplerinin ve sporcular\u0131n\u0131n performans\u0131n\u0131 ciddi anlamda art\u0131racakt\u0131r. Mu\u011fla hokeyini d\u00fcnya standartlar\u0131na ta\u015f\u0131maya kararl\u0131y\u0131z&#8221; ifadelerini kulland\u0131.<br \/><\/p>\n","protected":false},"excerpt":{"rendered":"<p>Mu\u011fla\u2019n\u0131n hokey kul\u00fcpleri ile G\u00fcrcistan Hokey Federasyonu aras\u0131nda imzalanan tarihi protokol sayesinde, iki \u00fclke aras\u0131nda sporcu transferi ve ortak geli\u015fim kamplar\u0131n\u0131n yolu a\u00e7\u0131ld\u0131. Mu\u011fla, hokey sporunda uluslararas\u0131 bir ba\u015far\u0131ya daha imza atarak spor diplomasisinde \u00e7\u0131tay\u0131 y\u00fckseltti. G\u00fcrcistan\u2019da d\u00fczenlenen Uluslararas\u0131 Tiflis Kupas\u0131 s\u0131ras\u0131nda ger\u00e7ekle\u015fen g\u00f6r\u00fc\u015fmeler neticesinde, Mu\u011fla\u2019daki hokey kul\u00fcpleri ile G\u00fcrcistan Hokey Federasyonu aras\u0131nda kapsaml\u0131 bir&#8230;<\/p>\n","protected":false},"author":1,"featured_media":76310,"comment_status":"open","ping_status":"open","sticky":false,"template":"","format":"standard","meta":{"_crdt_document":"","footnotes":""},"categories":[4],"tags":[],"class_list":["post-76309","post","type-post","status-publish","format-standard","has-post-thumbnail","hentry","category-spor"],"_links":{"self":[{"href":"https:\/\/www.egemtv.com\/index.php?rest_route=\/wp\/v2\/posts\/76309","targetHints":{"allow":["GET"]}}],"collection":[{"href":"https:\/\/www.egemtv.com\/index.php?rest_route=\/wp\/v2\/posts"}],"about":[{"href":"https:\/\/www.egemtv.com\/index.php?rest_route=\/wp\/v2\/types\/post"}],"author":[{"embeddable":true,"href":"https:\/\/www.egemtv.com\/index.php?rest_route=\/wp\/v2\/users\/1"}],"replies":[{"embeddable":true,"href":"https:\/\/www.egemtv.com\/index.php?rest_route=%2Fwp%2Fv2%2Fcomments&post=76309"}],"version-history":[{"count":1,"href":"https:\/\/www.egemtv.com\/index.php?rest_route=\/wp\/v2\/posts\/76309\/revisions"}],"predecessor-version":[{"id":76311,"href":"https:\/\/www.egemtv.com\/index.php?rest_route=\/wp\/v2\/posts\/76309\/revisions\/76311"}],"wp:featuredmedia":[{"embeddable":true,"href":"https:\/\/www.egemtv.com\/index.php?rest_route=\/wp\/v2\/media\/76310"}],"wp:attachment":[{"href":"https:\/\/www.egemtv.com\/index.php?rest_route=%2Fwp%2Fv2%2Fmedia&parent=76309"}],"wp:term":[{"taxonomy":"category","embeddable":true,"href":"https:\/\/www.egemtv.com\/index.php?rest_route=%2Fwp%2Fv2%2Fcategories&post=76309"},{"taxonomy":"post_tag","embeddable":true,"href":"https:\/\/www.egemtv.com\/index.php?rest_route=%2Fwp%2Fv2%2Ftags&post=76309"}],"curies":[{"name":"wp","href":"https:\/\/api.w.org\/{rel}","templated":true}]}}