{"id":76303,"date":"2025-12-24T13:15:17","date_gmt":"2025-12-24T10:15:17","guid":{"rendered":"https:\/\/www.egemtv.com\/?p=76303"},"modified":"2025-12-24T13:15:18","modified_gmt":"2025-12-24T10:15:18","slug":"manisada-bagimlilikla-mucadelede-kararlilik-vurgusu","status":"publish","type":"post","link":"https:\/\/www.egemtv.com\/?p=76303","title":{"rendered":"Manisa\u2019da ba\u011f\u0131ml\u0131l\u0131kla m\u00fccadelede kararl\u0131l\u0131k vurgusu"},"content":{"rendered":"<p>Manisa Valisi Vahdettin \u00d6zkan, &#8220;Ba\u011f\u0131ml\u0131l\u0131kla m\u00fccadelede en etkili yol; \u00f6nleyici \u00e7al\u0131\u015fmalar, bilin\u00e7lendirme faaliyetleri ve kurumlar aras\u0131 g\u00fc\u00e7l\u00fc i\u015f birli\u011fidir&#8221; dedi.<br \/>\n<br \/>Ba\u011f\u0131ml\u0131l\u0131kla M\u00fccadele \u0130l Koordinasyon Kurulu Toplant\u0131s\u0131, Vali Vahdettin \u00d6zkan ba\u015fkanl\u0131\u011f\u0131nda ger\u00e7ekle\u015ftirildi. Toplant\u0131da; insan\u0131 oda\u011fa alan, sa\u011fl\u0131kl\u0131 ya\u015fam al\u0131\u015fkanl\u0131klar\u0131n\u0131n yayg\u0131nla\u015ft\u0131r\u0131ld\u0131\u011f\u0131 ve bireylerin sa\u011fl\u0131k hizmetlerine kolayca eri\u015febildi\u011fi bir toplum hedefi do\u011frultusunda y\u00fcr\u00fct\u00fclen ba\u011f\u0131ml\u0131l\u0131kla m\u00fccadele \u00e7al\u0131\u015fmalar\u0131 ele al\u0131nd\u0131.<br \/>\n<br \/>Koruyucu ve \u00f6nleyici hizmetlerin g\u00fc\u00e7lendirilmesi, \u00f6zellikle \u00e7ocuklar ve gen\u00e7lerin ba\u011f\u0131ml\u0131l\u0131k risklerinden korunmas\u0131na y\u00f6nelik faaliyetler de\u011ferlendirildi. Ba\u011f\u0131ml\u0131l\u0131kla m\u00fccadele alan\u0131nda 2025 y\u0131l\u0131 i\u00e7erisinde y\u00fcr\u00fct\u00fclen \u00e7al\u0131\u015fmalarla ilgili sunumlar yap\u0131ld\u0131, 2026 y\u0131l\u0131nda hayata ge\u00e7irilmesi planlanan faaliyetler, hedefler ve \u00f6ncelikler ele al\u0131nd\u0131. Ayr\u0131ca sosyal risk haritalar\u0131 \u00fczerinden yerel d\u00fczeyde kurumlar aras\u0131 i\u015f birli\u011finin g\u00fc\u00e7lendirilmesine y\u00f6nelik de\u011ferlendirmelerde bulunuldu.<br \/>\n<br \/>Toplant\u0131da konu\u015fan Vali Vahdettin \u00d6zkan, ba\u011f\u0131ml\u0131l\u0131kla m\u00fccadelenin yaln\u0131zca bir g\u00fcvenlik veya sa\u011fl\u0131k meselesi de\u011fil, ayn\u0131 zamanda gelece\u011fi ilgilendiren toplumsal bir mesele oldu\u011funa dikkat \u00e7ekerek, &#8220;Ba\u011f\u0131ml\u0131l\u0131kla m\u00fccadelede en etkili yol; \u00f6nleyici \u00e7al\u0131\u015fmalar, bilin\u00e7lendirme faaliyetleri ve kurumlar aras\u0131 g\u00fc\u00e7l\u00fc i\u015f birli\u011fidir. Gelece\u011fimizin teminat\u0131 olan \u00e7ocuklar\u0131m\u0131z\u0131 ve gen\u00e7lerimizi her t\u00fcrl\u00fc ba\u011f\u0131ml\u0131l\u0131ktan korumak \u00f6ncelikli g\u00f6revimizdir.&#8221; ifadelerini kulland\u0131.<br \/>\n<br \/>Vali \u00d6zkan, ailelerin, e\u011fitim kurumlar\u0131n\u0131n ve t\u00fcm kamu kurulu\u015flar\u0131n\u0131n bu s\u00fcre\u00e7te \u00f6nemli bir rol \u00fcstlendi\u011fini belirterek, toplumun t\u00fcm kesimlerinin katk\u0131s\u0131yla ba\u011f\u0131ml\u0131l\u0131kla m\u00fccadelenin kararl\u0131l\u0131kla s\u00fcrd\u00fcr\u00fclece\u011fini vurgulad\u0131.<br \/>\n<br \/>Ba\u011f\u0131ml\u0131l\u0131kta rehabilitasyonun \u00f6nemine dikkat \u00e7eken Vali \u00d6zkan, madde kullan\u0131m\u0131yla ili\u015fkili ki\u015filer ve aileleri ile sosyal alanda \u00e7al\u0131\u015fmalar yap\u0131labilece\u011fini belirterek, &#8220;Tedavi s\u00fcrecinde sa\u011fl\u0131k birimleri ve di\u011fer birimlerimiz ile birlikte ailelerin sosyal-psikolojik olarak toparlanmas\u0131 anlam\u0131nda \u00e7al\u0131\u015fma yapmal\u0131y\u0131z. Hem sosyal yard\u0131m hem de sa\u011fl\u0131k birimleriyle irtibat\u0131n\u0131n sa\u011flanmas\u0131 anlam\u0131nda hepimize d\u00fc\u015fen g\u00f6revler var. Bu ailelerimiz belirlenip, analizlerinin yap\u0131larak aileleri sosyal anlamda yaln\u0131z b\u0131rakmamak i\u00e7in bir m\u00fcdahale mekanizmas\u0131 kurmal\u0131y\u0131z&#8221; diye konu\u015ftu.<br \/>\n<br \/>Toplant\u0131, ba\u011f\u0131ml\u0131l\u0131kla m\u00fccadele kapsam\u0131nda y\u00fcr\u00fct\u00fclecek \u00e7al\u0131\u015fmalar\u0131n de\u011ferlendirilmesi ve koordinasyonun g\u00fc\u00e7lendirilmesine y\u00f6nelik g\u00f6r\u00fc\u015f al\u0131\u015fveri\u015fiyle sona erdi.<br \/><\/p>\n","protected":false},"excerpt":{"rendered":"<p>Manisa Valisi Vahdettin \u00d6zkan, &#8220;Ba\u011f\u0131ml\u0131l\u0131kla m\u00fccadelede en etkili yol; \u00f6nleyici \u00e7al\u0131\u015fmalar, bilin\u00e7lendirme faaliyetleri ve kurumlar aras\u0131 g\u00fc\u00e7l\u00fc i\u015f birli\u011fidir&#8221; dedi. Ba\u011f\u0131ml\u0131l\u0131kla M\u00fccadele \u0130l Koordinasyon Kurulu Toplant\u0131s\u0131, Vali Vahdettin \u00d6zkan ba\u015fkanl\u0131\u011f\u0131nda ger\u00e7ekle\u015ftirildi. Toplant\u0131da; insan\u0131 oda\u011fa alan, sa\u011fl\u0131kl\u0131 ya\u015fam al\u0131\u015fkanl\u0131klar\u0131n\u0131n yayg\u0131nla\u015ft\u0131r\u0131ld\u0131\u011f\u0131 ve bireylerin sa\u011fl\u0131k hizmetlerine kolayca eri\u015febildi\u011fi bir toplum hedefi do\u011frultusunda y\u00fcr\u00fct\u00fclen ba\u011f\u0131ml\u0131l\u0131kla m\u00fccadele \u00e7al\u0131\u015fmalar\u0131 ele al\u0131nd\u0131&#8230;.<\/p>\n","protected":false},"author":1,"featured_media":76304,"comment_status":"open","ping_status":"open","sticky":false,"template":"","format":"standard","meta":{"_crdt_document":"","footnotes":""},"categories":[5],"tags":[],"class_list":["post-76303","post","type-post","status-publish","format-standard","has-post-thumbnail","hentry","category-asayis"],"_links":{"self":[{"href":"https:\/\/www.egemtv.com\/index.php?rest_route=\/wp\/v2\/posts\/76303","targetHints":{"allow":["GET"]}}],"collection":[{"href":"https:\/\/www.egemtv.com\/index.php?rest_route=\/wp\/v2\/posts"}],"about":[{"href":"https:\/\/www.egemtv.com\/index.php?rest_route=\/wp\/v2\/types\/post"}],"author":[{"embeddable":true,"href":"https:\/\/www.egemtv.com\/index.php?rest_route=\/wp\/v2\/users\/1"}],"replies":[{"embeddable":true,"href":"https:\/\/www.egemtv.com\/index.php?rest_route=%2Fwp%2Fv2%2Fcomments&post=76303"}],"version-history":[{"count":1,"href":"https:\/\/www.egemtv.com\/index.php?rest_route=\/wp\/v2\/posts\/76303\/revisions"}],"predecessor-version":[{"id":76305,"href":"https:\/\/www.egemtv.com\/index.php?rest_route=\/wp\/v2\/posts\/76303\/revisions\/76305"}],"wp:featuredmedia":[{"embeddable":true,"href":"https:\/\/www.egemtv.com\/index.php?rest_route=\/wp\/v2\/media\/76304"}],"wp:attachment":[{"href":"https:\/\/www.egemtv.com\/index.php?rest_route=%2Fwp%2Fv2%2Fmedia&parent=76303"}],"wp:term":[{"taxonomy":"category","embeddable":true,"href":"https:\/\/www.egemtv.com\/index.php?rest_route=%2Fwp%2Fv2%2Fcategories&post=76303"},{"taxonomy":"post_tag","embeddable":true,"href":"https:\/\/www.egemtv.com\/index.php?rest_route=%2Fwp%2Fv2%2Ftags&post=76303"}],"curies":[{"name":"wp","href":"https:\/\/api.w.org\/{rel}","templated":true}]}}